{"id":86,"date":"2014-07-08T10:30:35","date_gmt":"2014-07-08T10:30:35","guid":{"rendered":"http:\/\/intendo-plus.com\/zuhcsd\/?p=86"},"modified":"2014-07-09T08:46:17","modified_gmt":"2014-07-09T08:46:17","slug":"tribine-djeca-u-minskom-okruzenju","status":"publish","type":"post","link":"https:\/\/intendo-plus.com\/zuhcsd\/?p=86","title":{"rendered":"Tribine &#8220;Djeca u minskom okru\u017eenju&#8221;"},"content":{"rendered":"<p><strong>Tribine &#8220;Djeca u minskom okru\u017eenju&#8221; Zajednica organizira od 1999. u \u0161kolama na podru\u010djima zaga\u0111enim minsko-eksplozivnim napravama. Prva tribina odr\u017eana je u Karlova\u010dkoj \u017eupaniji u Turnju.<\/strong><\/p>\n<p><a href=\"http:\/\/intendo-plus.com\/zuhcsd\/wp-content\/uploads\/2014\/07\/djevojka-je-u-godinu-dana-pocistila-15-minskih-polja-504x335-20091145-20101019012835-247832.jpg\"><img decoding=\"async\" loading=\"lazy\" class=\"size-medium wp-image-188 aligncenter\" src=\"http:\/\/intendo-plus.com\/zuhcsd\/wp-content\/uploads\/2014\/07\/djevojka-je-u-godinu-dana-pocistila-15-minskih-polja-504x335-20091145-20101019012835-247832-320x212.jpg\" alt=\"djevojka-je-u-godinu-dana-pocistila-15-minskih-polja-504x335-20091145-20101019012835-247832\" width=\"300\" height=\"198\" srcset=\"https:\/\/intendo-plus.com\/zuhcsd\/wp-content\/uploads\/2014\/07\/djevojka-je-u-godinu-dana-pocistila-15-minskih-polja-504x335-20091145-20101019012835-247832-320x212.jpg 320w, https:\/\/intendo-plus.com\/zuhcsd\/wp-content\/uploads\/2014\/07\/djevojka-je-u-godinu-dana-pocistila-15-minskih-polja-504x335-20091145-20101019012835-247832.jpg 504w\" sizes=\"(max-width: 300px) 100vw, 300px\" \/><\/a><\/p>\n<p>Kroz rad na tom projektu mo\u017eemo konstatirati da je edukacija vrlo zna\u010dajna a najbolji pokazatelj je da od 2004. nema stradale djece od minsko-eksplozivnih naprava. Tribine su oplemenjene kazali\u0161nom predstavom &#8220;MI-NE&#8221; kazali\u0161ta Daska iz Siska, lutkarskim igrokazom iz Osijeka za ni\u017ee razrede osnovnih \u0161kola i dovo\u0111enjem dresiranog psa. Odra\u0111eno je 90 tribina.<\/p>\n<p>Za 2014. godinu planirane su 4 tribine u Vukovarsko-Srijemskoj, Osije\u010dko-baranjskoj, Sisa\u010dko-moslava\u010dkoj i \u0160ibensko-kninskoj \u017eupaniji.<\/p>\n<p>Sadr\u017eaj edukacije su predavanja, izlo\u017eba minsko-eksplozivnih naprava, edukacijski filmovi.<br \/>\nJo\u0161 uvijek vlada zaga\u0111enost Hrvatske od minsko-eksplozivnih naprava, sporost razminiravanja opasnost je za svako dijete koje \u017eivi u njihovom okru\u017eenju.<\/p>\n<p>Djeca su potencijalne \u017ertve, potreba edukacije je nu\u017ena kako bismo za\u0161titili djecu i ukazali na opasnost koja im prijeti.<\/p>\n<p><!-- index.php -->\n<div\n\tclass=\"ngg-galleryoverview ngg-ajax-pagination-none\"\n\tid=\"ngg-gallery-206-1\">\n\n    \t<div class=\"slideshowlink\">\n        <a href='https:\/\/intendo-plus.com\/zuhcsd\/index.php\/nggallery\/slideshow?p=86'>[Show slideshow]<\/a>\n\t\t\n\t<\/div>\n\t\t\t<!-- Thumbnails -->\n\t\t\t\t<div id=\"ngg-image-0\" class=\"ngg-gallery-thumbnail-box\" >\n\t\t\t\t        <div class=\"ngg-gallery-thumbnail\">\n            <a href=\"https:\/\/intendo-plus.com\/zuhcsd\/wp-content\/gallery\/tribine-djeca-u-minskom-okruzenju\/66976_151542.jpg.jpg\"\n               title=\"\"\n               data-src=\"https:\/\/intendo-plus.com\/zuhcsd\/wp-content\/gallery\/tribine-djeca-u-minskom-okruzenju\/66976_151542.jpg.jpg\"\n               data-thumbnail=\"https:\/\/intendo-plus.com\/zuhcsd\/wp-content\/gallery\/tribine-djeca-u-minskom-okruzenju\/thumbs\/thumbs_66976_151542.jpg.jpg\"\n               data-image-id=\"29\"\n               data-title=\"66976_151542.jpg\"\n               data-description=\"\"\n               data-image-slug=\"66976_151542-jpg\"\n               class=\"ngg-fancybox\" rel=\"206\">\n                <img\n                    title=\"66976_151542.jpg\"\n                    alt=\"66976_151542.jpg\"\n                    src=\"https:\/\/intendo-plus.com\/zuhcsd\/wp-content\/gallery\/tribine-djeca-u-minskom-okruzenju\/thumbs\/thumbs_66976_151542.jpg.jpg\"\n                    width=\"120\"\n                    height=\"90\"\n                    style=\"max-width:100%;\"\n                \/>\n            <\/a>\n        <\/div>\n\t\t\t\t\t\t\t<\/div> \n\t\t\t\n        \n\t\t\t\t<div id=\"ngg-image-1\" class=\"ngg-gallery-thumbnail-box\" >\n\t\t\t\t        <div class=\"ngg-gallery-thumbnail\">\n            <a href=\"https:\/\/intendo-plus.com\/zuhcsd\/wp-content\/gallery\/tribine-djeca-u-minskom-okruzenju\/20040119155440znak-opasnosti-BIG.jpg\"\n               title=\"\"\n               data-src=\"https:\/\/intendo-plus.com\/zuhcsd\/wp-content\/gallery\/tribine-djeca-u-minskom-okruzenju\/20040119155440znak-opasnosti-BIG.jpg\"\n               data-thumbnail=\"https:\/\/intendo-plus.com\/zuhcsd\/wp-content\/gallery\/tribine-djeca-u-minskom-okruzenju\/thumbs\/thumbs_20040119155440znak-opasnosti-BIG.jpg\"\n               data-image-id=\"30\"\n               data-title=\"20040119155440znak-opasnosti-BIG\"\n               data-description=\"\"\n               data-image-slug=\"20040119155440znak-opasnosti-big\"\n               class=\"ngg-fancybox\" rel=\"206\">\n                <img\n                    title=\"20040119155440znak-opasnosti-BIG\"\n                    alt=\"20040119155440znak-opasnosti-BIG\"\n                    src=\"https:\/\/intendo-plus.com\/zuhcsd\/wp-content\/gallery\/tribine-djeca-u-minskom-okruzenju\/thumbs\/thumbs_20040119155440znak-opasnosti-BIG.jpg\"\n                    width=\"120\"\n                    height=\"90\"\n                    style=\"max-width:100%;\"\n                \/>\n            <\/a>\n        <\/div>\n\t\t\t\t\t\t\t<\/div> \n\t\t\t\n        \n\t\t\t\t<div id=\"ngg-image-2\" class=\"ngg-gallery-thumbnail-box\" >\n\t\t\t\t        <div class=\"ngg-gallery-thumbnail\">\n            <a href=\"https:\/\/intendo-plus.com\/zuhcsd\/wp-content\/gallery\/tribine-djeca-u-minskom-okruzenju\/djevojka-je-u-godinu-dana-pocistila-15-minskih-polja-504x335-20091145-20101019012835-247832.jpg\"\n               title=\"\"\n               data-src=\"https:\/\/intendo-plus.com\/zuhcsd\/wp-content\/gallery\/tribine-djeca-u-minskom-okruzenju\/djevojka-je-u-godinu-dana-pocistila-15-minskih-polja-504x335-20091145-20101019012835-247832.jpg\"\n               data-thumbnail=\"https:\/\/intendo-plus.com\/zuhcsd\/wp-content\/gallery\/tribine-djeca-u-minskom-okruzenju\/thumbs\/thumbs_djevojka-je-u-godinu-dana-pocistila-15-minskih-polja-504x335-20091145-20101019012835-247832.jpg\"\n               data-image-id=\"31\"\n               data-title=\"djevojka-je-u-godinu-dana-pocistila-15-minskih-polja-504x335-20091145-20101019012835-247832\"\n               data-description=\"\"\n               data-image-slug=\"djevojka-je-u-godinu-dana-pocistila-15-minskih-polja-504x335-20091145-20101019012835-247832\"\n               class=\"ngg-fancybox\" rel=\"206\">\n                <img\n                    title=\"djevojka-je-u-godinu-dana-pocistila-15-minskih-polja-504x335-20091145-20101019012835-247832\"\n                    alt=\"djevojka-je-u-godinu-dana-pocistila-15-minskih-polja-504x335-20091145-20101019012835-247832\"\n                    src=\"https:\/\/intendo-plus.com\/zuhcsd\/wp-content\/gallery\/tribine-djeca-u-minskom-okruzenju\/thumbs\/thumbs_djevojka-je-u-godinu-dana-pocistila-15-minskih-polja-504x335-20091145-20101019012835-247832.jpg\"\n                    width=\"120\"\n                    height=\"90\"\n                    style=\"max-width:100%;\"\n                \/>\n            <\/a>\n        <\/div>\n\t\t\t\t\t\t\t<\/div> \n\t\t\t\n        \n\t\t\t\t<div id=\"ngg-image-3\" class=\"ngg-gallery-thumbnail-box\" >\n\t\t\t\t        <div class=\"ngg-gallery-thumbnail\">\n            <a href=\"https:\/\/intendo-plus.com\/zuhcsd\/wp-content\/gallery\/tribine-djeca-u-minskom-okruzenju\/hpim2808-large-medium-.jpg\"\n               title=\"\"\n               data-src=\"https:\/\/intendo-plus.com\/zuhcsd\/wp-content\/gallery\/tribine-djeca-u-minskom-okruzenju\/hpim2808-large-medium-.jpg\"\n               data-thumbnail=\"https:\/\/intendo-plus.com\/zuhcsd\/wp-content\/gallery\/tribine-djeca-u-minskom-okruzenju\/thumbs\/thumbs_hpim2808-large-medium-.jpg\"\n               data-image-id=\"32\"\n               data-title=\"hpim2808-large-medium-\"\n               data-description=\"\"\n               data-image-slug=\"hpim2808-large-medium\"\n               class=\"ngg-fancybox\" rel=\"206\">\n                <img\n                    title=\"hpim2808-large-medium-\"\n                    alt=\"hpim2808-large-medium-\"\n                    src=\"https:\/\/intendo-plus.com\/zuhcsd\/wp-content\/gallery\/tribine-djeca-u-minskom-okruzenju\/thumbs\/thumbs_hpim2808-large-medium-.jpg\"\n                    width=\"120\"\n                    height=\"90\"\n                    style=\"max-width:100%;\"\n                \/>\n            <\/a>\n        <\/div>\n\t\t\t\t\t\t\t<\/div> \n\t\t\t\n        \n\t\t\t\t<div id=\"ngg-image-4\" class=\"ngg-gallery-thumbnail-box\" >\n\t\t\t\t        <div class=\"ngg-gallery-thumbnail\">\n            <a href=\"https:\/\/intendo-plus.com\/zuhcsd\/wp-content\/gallery\/tribine-djeca-u-minskom-okruzenju\/pic00010-large-medium-.jpg\"\n               title=\"\"\n               data-src=\"https:\/\/intendo-plus.com\/zuhcsd\/wp-content\/gallery\/tribine-djeca-u-minskom-okruzenju\/pic00010-large-medium-.jpg\"\n               data-thumbnail=\"https:\/\/intendo-plus.com\/zuhcsd\/wp-content\/gallery\/tribine-djeca-u-minskom-okruzenju\/thumbs\/thumbs_pic00010-large-medium-.jpg\"\n               data-image-id=\"33\"\n               data-title=\"pic00010-large-medium-\"\n               data-description=\"\"\n               data-image-slug=\"pic00010-large-medium\"\n               class=\"ngg-fancybox\" rel=\"206\">\n                <img\n                    title=\"pic00010-large-medium-\"\n                    alt=\"pic00010-large-medium-\"\n                    src=\"https:\/\/intendo-plus.com\/zuhcsd\/wp-content\/gallery\/tribine-djeca-u-minskom-okruzenju\/thumbs\/thumbs_pic00010-large-medium-.jpg\"\n                    width=\"120\"\n                    height=\"90\"\n                    style=\"max-width:100%;\"\n                \/>\n            <\/a>\n        <\/div>\n\t\t\t\t\t\t\t<\/div> \n\t\t\t\n        \n\t\t\t\t<div id=\"ngg-image-5\" class=\"ngg-gallery-thumbnail-box\" >\n\t\t\t\t        <div class=\"ngg-gallery-thumbnail\">\n            <a href=\"https:\/\/intendo-plus.com\/zuhcsd\/wp-content\/gallery\/tribine-djeca-u-minskom-okruzenju\/pic00015-large-medium-.jpg\"\n               title=\"\"\n               data-src=\"https:\/\/intendo-plus.com\/zuhcsd\/wp-content\/gallery\/tribine-djeca-u-minskom-okruzenju\/pic00015-large-medium-.jpg\"\n               data-thumbnail=\"https:\/\/intendo-plus.com\/zuhcsd\/wp-content\/gallery\/tribine-djeca-u-minskom-okruzenju\/thumbs\/thumbs_pic00015-large-medium-.jpg\"\n               data-image-id=\"34\"\n               data-title=\"pic00015-large-medium-\"\n               data-description=\"\"\n               data-image-slug=\"pic00015-large-medium\"\n               class=\"ngg-fancybox\" rel=\"206\">\n                <img\n                    title=\"pic00015-large-medium-\"\n                    alt=\"pic00015-large-medium-\"\n                    src=\"https:\/\/intendo-plus.com\/zuhcsd\/wp-content\/gallery\/tribine-djeca-u-minskom-okruzenju\/thumbs\/thumbs_pic00015-large-medium-.jpg\"\n                    width=\"120\"\n                    height=\"90\"\n                    style=\"max-width:100%;\"\n                \/>\n            <\/a>\n        <\/div>\n\t\t\t\t\t\t\t<\/div> \n\t\t\t\n        \n\t\t\t\t<div id=\"ngg-image-6\" class=\"ngg-gallery-thumbnail-box\" >\n\t\t\t\t        <div class=\"ngg-gallery-thumbnail\">\n            <a href=\"https:\/\/intendo-plus.com\/zuhcsd\/wp-content\/gallery\/tribine-djeca-u-minskom-okruzenju\/PXL_170214_7293580.jpg\"\n               title=\"16.02.2014., Drnis - Pripadnici Mungosa razminiravaju povrsinu od 315 000 cetvornih metara minsko sumnjivog podrucja u okolici Drnisa. \r\nPhoto: Hrvoje Jelavic\/PIXSELL\"\n               data-src=\"https:\/\/intendo-plus.com\/zuhcsd\/wp-content\/gallery\/tribine-djeca-u-minskom-okruzenju\/PXL_170214_7293580.jpg\"\n               data-thumbnail=\"https:\/\/intendo-plus.com\/zuhcsd\/wp-content\/gallery\/tribine-djeca-u-minskom-okruzenju\/thumbs\/thumbs_PXL_170214_7293580.jpg\"\n               data-image-id=\"35\"\n               data-title=\"PXL_170214_7293580\"\n               data-description=\"16.02.2014., Drnis - Pripadnici Mungosa razminiravaju povrsinu od 315 000 cetvornih metara minsko sumnjivog podrucja u okolici Drnisa. \r\nPhoto: Hrvoje Jelavic\/PIXSELL\"\n               data-image-slug=\"pxl_170214_7293580\"\n               class=\"ngg-fancybox\" rel=\"206\">\n                <img\n                    title=\"PXL_170214_7293580\"\n                    alt=\"PXL_170214_7293580\"\n                    src=\"https:\/\/intendo-plus.com\/zuhcsd\/wp-content\/gallery\/tribine-djeca-u-minskom-okruzenju\/thumbs\/thumbs_PXL_170214_7293580.jpg\"\n                    width=\"120\"\n                    height=\"90\"\n                    style=\"max-width:100%;\"\n                \/>\n            <\/a>\n        <\/div>\n\t\t\t\t\t\t\t<\/div> \n\t\t\t\n        \n\t\t\n\t\t<!-- Pagination -->\n\t<div class='ngg-clear'><\/div>\t<\/div>\n<\/p>\n","protected":false},"excerpt":{"rendered":"<p>Tribine &#8220;Djeca u minskom okru\u017eenju&#8221; Zajednica organizira od 1999. u \u0161kolama na podru\u010djima zaga\u0111enim minsko-eksplozivnim napravama. Prva tribina odr\u017eana je u Karlova\u010dkoj \u017eupaniji u Turnju. Kroz rad na tom projektu mo\u017eemo konstatirati da je edukacija vrlo zna\u010dajna a najbolji pokazatelj je da od 2004. nema stradale djece od minsko-eksplozivnih naprava. Tribine su oplemenjene kazali\u0161nom predstavom&#8230; <a class=\"more\" href=\"https:\/\/intendo-plus.com\/zuhcsd\/?p=86\">Continue reading &rarr;<\/a><\/p>\n","protected":false},"author":1,"featured_media":80,"comment_status":"closed","ping_status":"closed","sticky":false,"template":"","format":"standard","meta":{"ngg_post_thumbnail":0},"categories":[8],"tags":[7,11,10,9,12],"_links":{"self":[{"href":"https:\/\/intendo-plus.com\/zuhcsd\/index.php?rest_route=\/wp\/v2\/posts\/86"}],"collection":[{"href":"https:\/\/intendo-plus.com\/zuhcsd\/index.php?rest_route=\/wp\/v2\/posts"}],"about":[{"href":"https:\/\/intendo-plus.com\/zuhcsd\/index.php?rest_route=\/wp\/v2\/types\/post"}],"author":[{"embeddable":true,"href":"https:\/\/intendo-plus.com\/zuhcsd\/index.php?rest_route=\/wp\/v2\/users\/1"}],"replies":[{"embeddable":true,"href":"https:\/\/intendo-plus.com\/zuhcsd\/index.php?rest_route=%2Fwp%2Fv2%2Fcomments&post=86"}],"version-history":[{"count":4,"href":"https:\/\/intendo-plus.com\/zuhcsd\/index.php?rest_route=\/wp\/v2\/posts\/86\/revisions"}],"predecessor-version":[{"id":207,"href":"https:\/\/intendo-plus.com\/zuhcsd\/index.php?rest_route=\/wp\/v2\/posts\/86\/revisions\/207"}],"wp:featuredmedia":[{"embeddable":true,"href":"https:\/\/intendo-plus.com\/zuhcsd\/index.php?rest_route=\/wp\/v2\/media\/80"}],"wp:attachment":[{"href":"https:\/\/intendo-plus.com\/zuhcsd\/index.php?rest_route=%2Fwp%2Fv2%2Fmedia&parent=86"}],"wp:term":[{"taxonomy":"category","embeddable":true,"href":"https:\/\/intendo-plus.com\/zuhcsd\/index.php?rest_route=%2Fwp%2Fv2%2Fcategories&post=86"},{"taxonomy":"post_tag","embeddable":true,"href":"https:\/\/intendo-plus.com\/zuhcsd\/index.php?rest_route=%2Fwp%2Fv2%2Ftags&post=86"}],"curies":[{"name":"wp","href":"https:\/\/api.w.org\/{rel}","templated":true}]}}