{"id":3098,"date":"2026-02-26T10:18:22","date_gmt":"2026-02-26T10:18:22","guid":{"rendered":"https:\/\/intendo-plus.com\/zuhcsd\/?p=3098"},"modified":"2026-02-26T10:20:57","modified_gmt":"2026-02-26T10:20:57","slug":"izvjesce-o-radu-zajednice-udruga-hrvatskih-civilnih-stradalnika-iz-domovinskog-rata-hrvatske-za-2025-godinu","status":"publish","type":"post","link":"https:\/\/intendo-plus.com\/zuhcsd\/?p=3098","title":{"rendered":"IZVJE\u0160\u0106E O RADU ZAJEDNICE UDRUGA HRVATSKIH CIVILNIH STRADALNIKA IZ DOMOVINSKOG RATA HRVATSKE ZA 2025.GODINU"},"content":{"rendered":"\n<p>Tijekom 2025.godine proveli smo niz aktivnosti koje smo organizirali i aktivnosti gdje smo bili partneri i suorganizatori.<\/p>\n\n\n\n<p>Sudjelovali smo na raznim aktivnostima (konferencijama, tribinama, radionicama i sastancima).<\/p>\n\n\n\n<p>U sije\u010dnju smo radili na izvje\u0161\u0107ima o provedenim aktivnostima odobrenim po Javnom pozivu Ministarstva hrvatskih branitelja, izvje\u0161\u0107u za Nacionalnu zakladu za razvoj civilnog dru\u0161tva \u2013 Odjeli za europske i sustavne podr\u0161ke, Planu rada i Financijskom planu za 2026.godinu.<\/p>\n\n\n\n<p>U toku 2025.godine odr\u017eana su \u010detiri sastanka Izvr\u0161nog odbora od kojih su tri odr\u017eana u prostorijama Zajednice udruga, Zagreb \u2013 Tkal\u010di\u0107eva 33 a jedan u sklopu Sportsko rekreativnih i kreativnih susreta civilnih stradalnika iz Domovinskog rata.<\/p>\n\n\n\n<p>Odr\u017ean je jedan sastanak Nadzornog odbora 17.studeni 2025.godine.<\/p>\n\n\n\n<p>22..studenog &nbsp;2025.godine odr\u017eali smo Izvje\u0161tajni Sabor Zajednice udruga hrvatskih civilnih stradalnika iz Domovinskog rata Hrvatske u Zagrebu \u2013 hotel Academia. Izvje\u0161tajni Sabor odr\u017eali smo uz potporu Nacionalne zaklade za razvoj civilnog dru\u0161tva \u2013 Odjeli za europske i sustavne podr\u0161ke.&nbsp; Na Saboru su sudjelovali delegati izabrani i delegirani od \u017eupanijskih udruga (\u010dlanica Zajednice),&nbsp; izaslanik Ministarstva hrvatskih branitelja bio je glavni tajnik Ministarstva hrvatskih branitelja Ivica Akmad\u017ea.&nbsp; Na Saboru su&nbsp; izabrana tijela Sabora : radno predsjedni\u0161tvo, verifikacijska komisija, zapisni\u010dar i ovjerovitelji zapisnika. Nakon prebrojanih listi\u0107a prisutnih od strane verifikacijske komisije utvr\u0111eno je da Sabor ima kvorum i da mo\u017ee nastaviti s radom te donositi pravovaljane odluke. Na&nbsp; Saboru su podnijeta Izvje\u0161\u0107e o radu Zajednice, Financijsko izvje\u0161\u0107e i izvje\u0161\u0107e Nadzornog odbora Zajednice udruga hrvatskih civilnih stradalnika iz Domovinskog rata Hrvatske za 2024.godinu. Delegati su usvojili podnijeta izvje\u0161\u0107a Saboru.<\/p>\n\n\n\n<p>Aktivnost Sje\u0107anje na poginulu djecu u Domovinskom ratu \u201eMali kri\u017e-Velika \u017ertva\u201c obilje\u017eio se pod novim nazivom kao Spomendan 03.svibnja 2025.godine \u2013 Dan sje\u0107anja na poginulu i stradalu djecu u Domovinskom ratu u Slavonskom Brodu, gradu u kojem je poginulo najve\u0107i broj djece.<\/p>\n\n\n\n<p>Na obilje\u017eavanju Dana sje\u0107anja okupili su se roditelji i obitelji poginule djece iz svih \u017eupanijskih udruga \u010dlanica Zajednice od Vukovara do Dubrovnika.<\/p>\n\n\n\n<p>Okupljene obitelji u Samostanu Crkve Presvetog Trojstva do\u0161ao je pozdraviti predsjednik RH Andrej Plenkovi\u0107 nakon \u0161to je polo\u017eio vijenac kod spomenika Prekinuto djetinjstvo.<\/p>\n\n\n\n<p>Uz predsjednika Vlade RH obitelj je pozdravio i podpredsjednik Vlade&nbsp; ministar Tomo Medved.<\/p>\n\n\n\n<p>Nakon kra\u0107eg dru\u017eenja s obiteljima predsjednik Vlade napustio je skup zbog ranije dogovorenih obveza.<\/p>\n\n\n\n<p>Svi sudionici prisustvovali su Svetoj misi za poginulu djecu u Domovinskom ratu u Crkvi Presvetog Trojstva.<\/p>\n\n\n\n<p>Nakon Svete mise kod spomenika Prekinuto djetinjstvo zapaljene su svije\u0107e i polo\u017eeni vijenci, a djeca osnovnih \u0161kola iz Slavonskog Broda polo\u017eili su bijele ru\u017ee (402 bijele ru\u017ee za svako poginulo dijete) a sve uz pjesmu Adastre (vokalni sastav).<\/p>\n\n\n\n<p>Nakon polaganja vijenaca i paljenja svije\u0107a Izaslanstva predsjednika RH, Sabora, Vlade, \u017eupanije Brodsko-posavske, grada Slavonskog Broda, udruga iz Domovinskog rata, odr\u017ean je prigodan program u Glazbenoj \u0161koli Slavonski Brod.<\/p>\n\n\n\n<p>Sve prisutne je pozdravila predsjednica Zajednice udruga Julijana Rosandi\u0107.<\/p>\n\n\n\n<p>Prigodnim rije\u010dima nakon predsjednice obratila se majka poginulog djeteta g\u0111a Zdenka Mijatovi\u0107 iz Slavonskog Broda.<\/p>\n\n\n\n<p>Na prigodnom programu u Glazbenoj \u0161koli Slavonski Brod obratili su se predstavnici Izaslanstava, grada Slavonskog Broda, \u017eupanije&nbsp; Brodsko-posavske, Institucija.<\/p>\n\n\n\n<p>Prigodnim govorom obratio se podpredsjednik Vlade i ministar hrvatskih branitelja Tomo Medved.<\/p>\n\n\n\n<p>U prigodnom programu sudjelovala je Adastra&nbsp; (vokalni sastav) i u\u010denici Glazbene \u0161kole Slavonski Brod.<\/p>\n\n\n\n<p>Za sve prisutne na obilje\u017eavanju Dana sje\u0107anja na poginulu i stradalu djecu u Domovinskom ratu organiziran je zajedni\u010dki ru\u010dak uz dru\u017eenje.<\/p>\n\n\n\n<p>Za sve sudionike organiziran je i prijevoz kao i smje\u0161taj na bazi polupansiona (\u010dlanove udruge Zadar i Dubrovnik).<\/p>\n\n\n\n<p>Moderator je bila Karmen Valenta.<\/p>\n\n\n\n<p>Obilje\u017eavanje Dana sje\u0107anja na poginulu i stradalu djecu organizirano je uz potporu Ministarstva hrvatskih branitelja.<\/p>\n\n\n\n<p>Mediji su popratili obilje\u017eavanje Dana sje\u0107anja na poginulu i stradalu djecu u Domovinskom ratu.<\/p>\n\n\n\n<p>Sportsko rekreativni i kreativni susreti civilnih stradalnika Domovinskog rata odr\u017eani su u Dugoj Resi \u2013 Hotel Frankopan od 24. do 26.listopada 2025.godine.<\/p>\n\n\n\n<p>Na Susretima su sudjelovali civilni stradalnici svih kategorija: obitelji poginulih i nestalih, obitelji poginule djece, invalidi i zato\u010denici srpskih koncentracijskih logora iz 5 \u017eupanijskih udruga (Bjelovarsko-bilogorske, Brodsko-posavske, Sisa\u010dko-moslava\u010dke, Zadarske i Vukovarsko-srijemske \u017eupanije).<\/p>\n\n\n\n<p>Na Susretima nisu sudjelovali \u010dlanovi Dubrova\u010dko-neretvanske \u017eupanijske udruge zbog aktivnosti koje su se odvijale na njihovoj \u017eupaniji.<\/p>\n\n\n\n<p>Prema programu sportska natjecanja su se odr\u017eala nakon dolaska u Dugu Resu, natjecanja su prilago\u0111ena prema mogu\u0107nostima civilnih stradalnika (brzo hodanje, tr\u010danje, pikado).<\/p>\n\n\n\n<p>Nakon Sportskih susreta odr\u017eano je natjecanje u dru\u0161tvenim igrama (kartanje, \u010dovje\u010de ne ljuti se, domino).<\/p>\n\n\n\n<p>U sklopu Sportsko rekreativnih i kreativnih susreta odr\u017ean je i Aktualni sat, tema Aktualnog sata bila je&nbsp; \u201eZdravstveno i psihosocijalno stanje civilnih stradalnika Domovinskog rata\u201c.<\/p>\n\n\n\n<p>Na Aktualnom satuispred Ministarstva hrvatskih branitelja \u2013 Uprave za savjetodavnu psihosocijalnu i zdravstvenu pomo\u0107 sudjelovala je &nbsp;na\u010delnica Sektora za pobolj\u0161anje \u017eivljenja hrvatskih branitelja i skrb o civilnim stradalnicima iz Domovinskog rata Zlatkica Marinkovi\u0107 Danilovi\u0107 i Petra \u0160\u0107ukanec, na\u010delnica Sektora za normativne i op\u0107e poslove.<\/p>\n\n\n\n<p>Sudionici Susreta imali su priliku da postave pitanja vezano za temu Aktualnog sata, a ukoliko nisu dobili odgovore svima \u0107e biti pismeno dostavljeno.<\/p>\n\n\n\n<p>Nakon Aktualnog sata odr\u017eana je radionica \u201ePravila poslovne komunikacije\u201c, prezentaciju je imala Ivana Marinovi\u0107, dipl. politolog i sveu\u010dili\u0161ni specijalist za odnose s javno\u0161\u0107u.<\/p>\n\n\n\n<p>Prezentaciji su nazo\u010dili osim civilnih stradalnika &#8211; sudionika Susreta i predstavnici Hrvatskog Feniksa (Suzana Had\u017eiomerspahi\u0107) i Vukovarske majke (Grozdan \u0160erkini\u0107).<\/p>\n\n\n\n<p>Odr\u017eana je kreativna radionica pod nazivom Jesenska \u010darolija koju je vodila Danijela Ljutak Jurekovi\u0107.<\/p>\n\n\n\n<p>Na zavr\u0161noj ve\u010deri za dobru zabavu i pjesmu bio je anga\u017eiran Duo M&amp;M iz Karlovca. Kada su progla\u0161eni najbolji u aktivnostima nastavljeno je dru\u017eenje uz tombolu, pjesmu i ples.<\/p>\n\n\n\n<p>Moderator Susreta bila je Karmen Valenta.<\/p>\n\n\n\n<p>Na Susretima koji su odr\u017eani od 24. do 26.listopada 2025.godine u organizaciji Zajednice udruga hrvatskih &nbsp;civilnih stradalnika iz Domovinskog rata Hrvatske odr\u017ean je i kulturno umjetni\u010dki program u kome se predstavio folklorni ansambl Etno Siscia iz Siska s programom koje su izvele dvije dje\u010dje folklorne skupine i tambura\u0161ki sastav.<\/p>\n\n\n\n<p>Njihov nastup bio je prigoda da se \u010dlanovi ansambla predstave civilnim stradalnicima Zajednici udruga a njihov nastup bio je poklon za sve civilne stradalnike.<\/p>\n\n\n\n<p>Sudionici Susreta prisustvovali su Svetoj misi u Karlovcu.<\/p>\n\n\n\n<p>26.listopada 2025.godine nakon ru\u010dka organiziran je povratak sudionika Susreta.<\/p>\n\n\n\n<p>Sportsko rekreativni i kreatini susreti su odra\u0111eni uz potporu Ministarstva hrvatskih branitelja.<\/p>\n\n\n\n<p>Mediji su pozvani na sve aktivnosti koje organizira Zajednica udruga hrvatskih civilnih stradalnika iz Domovinskog rata Hrvatske.<\/p>\n\n\n\n<p>Zajednica udruga hrvatskih civilnih stradalnika Domovinskog rata Hrvatske 11.srpnja 2025.godine organizirala je radionicu \u201eJa\u010danje kapaciteta temeljnih udruga kroz analiti\u010dku pripremu plana rada i primjenu zakonskih propisa i akata udruge\u201c koja se odr\u017eala u Veteranskom centru Daruvar.<\/p>\n\n\n\n<p>Tema radionice predvi\u0111ena je na temelju programa \u201ePrijenos znanja i razmjena iskustava u podru\u010dju ja\u010danja kapaciteta udruga iz Domovinskog rata SUOZNHB_ZUHCSDR\u201c.<\/p>\n\n\n\n<p>Na radionici su sudjelovali \u010dlanovi Udruge hrvatskih civilnih stradalnika Domovinskog rata Bjelovarsko-bilogorske \u017eupanije i Udruge hrvatskih civilnih stradalnika Domovinskog rata Brodsko-posavske \u017eupanije, predsjednica Zajednice udruga hrvatskih civilnih stradalnika iz Domovinskog rata Hrvatske Julijana Rosandi\u0107, tajnica Zajednice udruga Slavica Marinovi\u0107, djelatnica Jasna Dimi\u0107, predsjednica Saveza udruga obitelji zato\u010denih i nestalih hrvatskih branitelja Ljiljana Alvir i \u017deljko Vu\u010dina (UHDDR EO, Daruvar).<\/p>\n\n\n\n<p>Savez udruga obitelji zato\u010denih i nestalih hrvatskih branitelja i Zajednica udruga hrvatskih civilnih stradalnika iz Domovinskog rata Hrvatske imaju neformalni partnerski odnos i suradnju u organizaciji aktivnosti.<\/p>\n\n\n\n<p>U Sinju je od 29.kolovoza do 31.kolovoza 2025.godine obilje\u017een Dan sje\u0107anja na nestale osobe u Domovinskom ratu i Me\u0111unarodni dan nestalih osoba u organizaciji Saveza udruga obitelji zato\u010denih i nestalih hrvatskih branitelja u partnerstvu s Zajednicom udruga hrvatskih civilnih stradalnika iz Domovinskog rata Hrvatske i Udrugom djece poginulih i nestalih hrvatskih branitelja Domovinskog rata pod pokroviteljstvom Ministarstva hrvatskih branitelja, supokroviteljstvo Splitsko-dalmatinske \u017eupanije i Grada Sinja te uz potporu Hrvatskog Crvenog kri\u017ea i Veteranskog centra Podru\u017enica Sinj uz medijsko pokroviteljstvo \u201e24sata\u201c.<\/p>\n\n\n\n<p>30.kolovoza 2025.godine polaganjem vijenaca i paljenjem svije\u0107a kod Spomen obilje\u017eja poginulim hrvatskim braniteljima odana je po\u010dast svim poginulim i nestalim hrvatskim braniteljima i civilnim \u017ertvama iz Domovinskog rata.<\/p>\n\n\n\n<p>Tako\u0111er je polo\u017een vijenac i zapaljena svije\u0107a ispred biste prvog predsjednika Republike Hrvatske, Franje Tu\u0111mana.<\/p>\n\n\n\n<p>Prigodna Sveta misa za sve poginule, ubijene, nestale hrvatske branitelje i civilne \u017ertve Domovinskog rata u Bazilici Uznesenja Bla\u017eene djevice Marije \u2013 Crkva \u010cudotvorne Gospe Sinjske.<\/p>\n\n\n\n<p>Sve\u010dani program obilje\u017eavanja Dana sje\u0107anja na nestale osobe u Domovinskom ratu i Me\u0111unarodni dan nestalih osoba odr\u017ean je u Alkarskim dvorima. U programa je sudjelovala klapa \u201eSinj\u201c iz Sinja i djeca O\u0160 \u201eJosip Kozarac\u201c iz Vinkovaca koja su izvela glazbeno scenski recital \u201eNestali\u201c.<\/p>\n\n\n\n<p>Svi nazo\u010dni bili su u prilici posjetiti Muzej Sinjske alke u Alkarskim dvorima i prezentaciju aktivnosti, rada i opreme u nadle\u017enosti Uprave za zato\u010dene i nestale Ministarstva hrvatskih branitelja.<\/p>\n\n\n\n<p>Nakon sve\u010danog programa u restoranu Alkarski dvori organiziran je ru\u010dak za sve sudionike.<\/p>\n\n\n\n<p>U sklopu Susreta 29.kolovoza odr\u017eana je tribina \u201ePravo nestalih na identitet \u2013 pravo obitelji na istinu\u201c i 31.kolovoza je organiziran izlet na izvor rijeke Rude za sve sudionike Susreta.<\/p>\n\n\n\n<p>Svi sudionici Susreta \u2013 \u010dlanovi udruga bili su smje\u0161teni i koristili usluge u Veteranskom centru podru\u017enica Sinj.<\/p>\n\n\n\n<p>Na obilje\u017eavanju Dana sje\u0107anja na nestale osobe u Domovinskom ratu i Me\u0111unarodnom danu nestalih osoba od strane Zajednice udruga hrvatskih civilnih stradalnika sudjelovali su Slavica Marinovi\u0107, Ivana Marinovi\u0107, Jasna Dimi\u0107 i Nikola Dimi\u0107 iz Zagreba, Ljubica Krci\u0107, Ivanka Vrsaljko, Slavko \u010cirjak i Ratko Baraba i Udruge Zadarske \u017eupanije, Julijana Rosandi\u0107, Violeta Kordi\u0107, Ana Pejanovi\u0107, Ljubica Emanovi\u0107 i Marija Dujmovi\u0107 iz Udruge Brodsko-posavske \u017eupanije i Mirica Debi\u0107 iz Udruge Sisa\u010dko-moslava\u010dke \u017eupanije.<\/p>\n\n\n\n<p>U Ba\u0107inu&nbsp; je 21.listopada 2025.godine odr\u017eana&nbsp; komemoracija kod&nbsp; spomen obilje\u017eja &#8220;Golubica&#8221; za stradale i ubijene civile kao i sve poginule i nestale hrvatske branitelje. Nakon Ov\u010dare to je najve\u0107a masovna grobnica \u017ertava iz Domovinskog rata. Zajednica udruga hrvatskih civilnih stradalnika iz Domovinskog rata Hrvatske zajedno s predsjednicom Julijanom Rosandi\u0107 obilje\u017eila je stradavanje civila u Ba\u0107inu uz potporu Ministarstva hrvatskih branitelja. Po\u010dast su odali i izaslanici Hrvatskog sabora Gordana Jandrokovi\u0107a zamjenik \u017eupana Mihael Juri\u0107, predsjednika RH Zorana Milanovi\u0107a brigadir Ivan Radi\u0107, a predsjednika Vlade RH Andrije Plenkovi\u0107a bio je dr\u017eavni tajnik Ministarstva hrvatskih branitelja&nbsp; Zlatan Ba\u0161i\u0107, te ostali uzvanici. &nbsp;Odr\u017eana je i misa u crkvi Presvetog Trojstva u Hrvatskoj Dubici. <a>Obilje\u017eavanje je odr\u017eano uz potporu Ministarstva hrvatskih branitelja.<\/a><\/p>\n\n\n\n<p>U \u0160kabrnji je 18.listopada 2025.godine obilje\u017eena 34. obljetnica stradanja \u0160kabrnje na kojem je sudjelovalo izaslanstvo Zajednice udruga hrvatskih civilnih stradalnika iz Domovinskog rada&nbsp; na \u010delu s&nbsp; dopredsjednicom Ljubicom Krci\u0107 i \u010dlanovima Udruge Zadarske \u017eupanije koji su&nbsp; polo\u017eili vijenac i zapalili svije\u0107e. Obilje\u017eavanje je zapo\u010delo okupljanjem sudionika u Ambaru uz prigodni program a zatim&nbsp; je slijedila Kolona sje\u0107anja i odavanje du\u017ene po\u010dasti kod masovne grobnice. Nakon odavanja po\u010dasti odr\u017eana je Sveta misa. Poslije Svete mise uz prigodni program polo\u017eeni su vijenci, ru\u017ee i zapaljene svije\u0107e kod Sredi\u0161njeg kri\u017ea. Obilje\u017eavanje je odr\u017eano uz potporu Ministarstva hrvatskih branitelja.<\/p>\n\n\n\n<p>U Borovo naselju 19.studenog 2025.godine na obilje\u017eavanju je sudjelovala Zajednica udruga hrvatskih civilnih stradalnika iz Domovinskog rata na \u010delu s predsjednicom Julijanom Rosandi\u0107 i \u010dlanovima Udruge Brodsko-posavske \u017eupanije. Obilje\u017eavanje je odr\u017eano uz potporu Ministarstva hrvatskih branitelja.<\/p>\n\n\n\n<p>U organizaciji Vukovarskih majki 14.studenog 2025.godine odr\u017eana je izlo\u017eba po nazivom&nbsp;&nbsp; \u201eVukovar i \u0160kabrnja u Zagrebu \u2013 34 godine poslije\u201c. Ispred Zajednice udruga izlo\u017ebi je nazo\u010dila tajnica Zajednice g\u0111a Slavica Marinovi\u0107.<\/p>\n\n\n\n<p>Zajednica udruga hrvatskih civilnih stradalnika iz Domovinskog rata Hrvatske (predsjednica Julijana Rosandi\u0107) 01.o\u017eujka 2025.godine sudjelovali smo &nbsp;na obilje\u017eavanju 34.godi\u0161njice po\u010detka Domovinskog rata u Pakracu.<\/p>\n\n\n\n<p>Bili smo aktivni na Me\u0111unarodnoj razini. Sudjelovali smo na vi\u0161e online sastanaka. 19.velja\u010de 2025.godine sudjelovali smo (Julijana Rosandi\u0107, Slavica Marinovi\u0107, Mira Debi\u0107 i Jasna Dimi\u0107) na aktivnosti \u201eJa\u010danje anga\u017emana obitelji nestalih osoba i drugih zainteresiranih strana u kori\u0161tenju Baze podataka aktivnih slu\u010dajeva osoba nestalih u sukobima na podru\u010dju biv\u0161e Jugoslavije \u2013 Hrvatska\u201c u organizaciji ICMP-a. Od 11. do 13. studenog 2025.godine Zajednica udruga hrvatskih civilnih stradalnika iz Domovinskog rata Hrvatske (Slavica Marinovi\u0107 \u2013 tajnica Zajednice, Mira Debi\u0107 \u2013 Sisa\u010dko-moslava\u010dka \u017eupanija i Anka Koro\u0161ec \u2013 Sisa\u010dko-moslava\u010dka \u017eupanija)&nbsp; sudjelovala je na Me\u0111unarodnoj konferenciji za obitelji nestalih osoba. U Poljskoj (Var\u0161avi) od 26. do 29.studenog 2025.godine odr\u017eana je Me\u0111unarodna konferencija o nestalim osobama: Ukrajina i Jugoisto\u010dna Evropa na kojoj smo sudjelovali (tajnica Zajednice udruga \u2013 Slavica Marinovi\u0107. 22.prosinca 2025.godine Zajednica udruga (Slavica Marinovi\u0107) sudjelovala je na radnom sastanku Regionalnog odbora.<\/p>\n\n\n\n<p>U organizaciji Saveza &nbsp;udruga obitelji zato\u010denih i nestalih hrvatskih branitelja 14.travnja odr\u017ean je uskrsni susret \u010dlanova obitelji zato\u010denih i nestalih hrvatskih branitelja na kojem smo sudjelovali&nbsp; (djelatnica Jasna Dimi\u0107). 09.lipnja 2025.godine u organizaciji SUOZNHB u Petrinji je odr\u017eana tribina \u201ePravo nestalih na identitet \u2013 pravo obitelji na istinu\u201c na kojoj smo sudjelovali (tajnica Zajednice Slavica Marinovi\u0107). Sudjelovali smo (Udruga Brodsko-posavska \u2013 Julijana Rosandi\u0107, Violeta Kordi\u0107, Ana Pejanovi\u0107 i Marija Petrovi\u0107, kao i tajnica Zajednice Slavica Marinovi\u0107) 17.lipnja 2025.godine na informativno \u2013 savjetodavnoj radionici \u201eStarost, trauma, nemo\u0107 \u2013 ovisnost o drugima\u201c koja je odr\u017eana u organizaciji SUOZNHB.<\/p>\n\n\n\n<p>Na sve\u010danoj dodjeli dopunskog Sporazuma o financiranju nacionalne sustavne podr\u0161ke sudjelovala je predsjednica Zajednice udruga hrvatskih civilnih stradalnika iz Domovinskog rata Hrvatske Julijana Rosandi\u0107 odr\u017eano 30.lipnja&nbsp; 2025.godine u organizaciji Nacionalne zaklade za razvoj civilnog dru\u0161tva \u2013 Odjeli za europske i sustavne podr\u0161ke.<\/p>\n\n\n\n<p>Tijekom 2025.godine predstavnik Zajednice udruga hrvatskih civilnih stradalnika iz Domovinskog rata Hrvatske (predsjednica Julijana Rosandi\u0107) sudjelovala je u radu Povjerenstva za osobe s invaliditetom Republike Hrvatske i u Povjerenstvu Ministarstva hrvatskih branitelja vezano za Zakon o civilnim stradalnicima iz Domovinskog rata.<\/p>\n\n\n\n<p>Zajednica udruga hrvatskih civilnih stradalnika iz Domovinskog rata Hrvatske sudjelovala je u aktivnostima udruga iz Domovinskog rata u obilje\u017eavanju zna\u010dajnih datuma stradavanja civila i branitelja u Domovinskom ratu.<\/p>\n\n\n\n<p><strong>ZAJEDNICA UDRUGA<\/strong><\/p>\n\n\n\n<p><strong>PREDSJEDNICA<\/strong><\/p>\n\n\n\n<p><strong>Julijana Rosandi\u0107<\/strong><\/p>\n","protected":false},"excerpt":{"rendered":"<p>Tijekom 2025.godine proveli smo niz aktivnosti koje smo organizirali i aktivnosti gdje smo bili partneri i suorganizatori. Sudjelovali smo na raznim aktivnostima (konferencijama, tribinama, radionicama i sastancima). U sije\u010dnju smo radili na izvje\u0161\u0107ima o provedenim aktivnostima odobrenim po Javnom pozivu Ministarstva hrvatskih branitelja, izvje\u0161\u0107u za Nacionalnu zakladu za razvoj civilnog dru\u0161tva \u2013 Odjeli za europske&#8230; <a class=\"more\" href=\"https:\/\/intendo-plus.com\/zuhcsd\/?p=3098\">Continue reading &rarr;<\/a><\/p>\n","protected":false},"author":1,"featured_media":0,"comment_status":"closed","ping_status":"closed","sticky":false,"template":"","format":"standard","meta":{"ngg_post_thumbnail":0},"categories":[8],"tags":[],"_links":{"self":[{"href":"https:\/\/intendo-plus.com\/zuhcsd\/index.php?rest_route=\/wp\/v2\/posts\/3098"}],"collection":[{"href":"https:\/\/intendo-plus.com\/zuhcsd\/index.php?rest_route=\/wp\/v2\/posts"}],"about":[{"href":"https:\/\/intendo-plus.com\/zuhcsd\/index.php?rest_route=\/wp\/v2\/types\/post"}],"author":[{"embeddable":true,"href":"https:\/\/intendo-plus.com\/zuhcsd\/index.php?rest_route=\/wp\/v2\/users\/1"}],"replies":[{"embeddable":true,"href":"https:\/\/intendo-plus.com\/zuhcsd\/index.php?rest_route=%2Fwp%2Fv2%2Fcomments&post=3098"}],"version-history":[{"count":2,"href":"https:\/\/intendo-plus.com\/zuhcsd\/index.php?rest_route=\/wp\/v2\/posts\/3098\/revisions"}],"predecessor-version":[{"id":3100,"href":"https:\/\/intendo-plus.com\/zuhcsd\/index.php?rest_route=\/wp\/v2\/posts\/3098\/revisions\/3100"}],"wp:attachment":[{"href":"https:\/\/intendo-plus.com\/zuhcsd\/index.php?rest_route=%2Fwp%2Fv2%2Fmedia&parent=3098"}],"wp:term":[{"taxonomy":"category","embeddable":true,"href":"https:\/\/intendo-plus.com\/zuhcsd\/index.php?rest_route=%2Fwp%2Fv2%2Fcategories&post=3098"},{"taxonomy":"post_tag","embeddable":true,"href":"https:\/\/intendo-plus.com\/zuhcsd\/index.php?rest_route=%2Fwp%2Fv2%2Ftags&post=3098"}],"curies":[{"name":"wp","href":"https:\/\/api.w.org\/{rel}","templated":true}]}}