{"id":3077,"date":"2025-03-21T10:49:23","date_gmt":"2025-03-21T10:49:23","guid":{"rendered":"https:\/\/intendo-plus.com\/zuhcsd\/?p=3077"},"modified":"2025-03-21T10:49:23","modified_gmt":"2025-03-21T10:49:23","slug":"izvjesce-o-radu-zajednice-udruga-hrvatskih-civilnih-stradalnika-iz-domovinskog-rata-hrvatske-za-2024-godinu","status":"publish","type":"post","link":"https:\/\/intendo-plus.com\/zuhcsd\/?p=3077","title":{"rendered":"<strong>IZVJE\u0160\u0106E O RADU ZAJEDNICE UDRUGA HRVATSKIH CIVILNIH STRADALNIKA IZ DOMOVINSKOG RATA HRVATSKE ZA 2024.GODINU<\/strong>"},"content":{"rendered":"\n<p>Tijekom 2024.godine proveli smo niz aktivnosti koje smo organizirali i aktivnosti gdje smo bili partneri i suorganizatori.<\/p>\n\n\n\n<p>Sudjelovali smo na konferencijama, tribinama, okruglim stolovima, radionicama i sastancima.<\/p>\n\n\n\n<p>U sije\u010dnju smo radili na izvje\u0161\u0107ima o provedenim aktivnostima odobrenim po Javnom pozivu Ministarstva hrvatskih branitelja, izvje\u0161\u0107u za Nacionalnu zakladu za razvoj civilnog dru\u0161tva- Odjeli za europske i sustavne podr\u0161ke, Planu rada i Financijskom &nbsp;planu &nbsp;za 2025.godinu.<\/p>\n\n\n\n<p>U toku 2024.godine odr\u017eali smo \u0161est sastanaka Izvr\u0161nog odbora od kojih su dva odr\u017eana u prostorijama Zajednice udruga, &nbsp;Zagreb &#8211; Tkal\u010di\u0107eva 33 a \u010detiri sastanka su odr\u017eana telefonski.<\/p>\n\n\n\n<p>Odr\u017ean je i jedan sastanak Nadzornog odbora 11.studenog 2024.godine.<\/p>\n\n\n\n<p>16.prosinca 2024.godinu odr\u017eali smo Izvje\u0161tajni Sabor Zajednice udruga hrvatskih civilnih stradalnika iz Domovinskog rata Hrvatske u Zagrebu \u2013 hotel Academia. Izvje\u0161tajni Sabor odr\u017eali smo uz potporu Nacionalne zaklade za razvoj civilnog dru\u0161tva \u2013 Odjeli za europske i sustavne podr\u0161ke.&nbsp; Na Saboru su sudjelovali delegati izabrani i delegirani od \u017eupanijskih udruga (\u010dlanica Zajednice), &nbsp;izaslanik Ministarstva hrvatskih branitelja bio je glavni tajnik Ministarstva hrvatskih branitelja Ivica Akmad\u017ea. &nbsp;Na Saboru su&nbsp; izabrana tijela Sabora : radno predsjedni\u0161tvo, verifikacijska komisija, zapisni\u010dar i ovjerovitelji zapisnika. Nakon prebrojanih listi\u0107a prisutnih od strane verifikacijske komisije utvr\u0111eno je da Sabor ima kvorum i da mo\u017ee nastaviti s radom te donositi pravovaljane odluke. Na &nbsp;Saboru su podnijeta Izvje\u0161\u0107e o radu Zajednice, Financijsko izvje\u0161\u0107e i izvje\u0161\u0107e Nadzornog odbora Zajednice udruga hrvatskih civilnih stradalnika iz Domovinskog rata Hrvatske za 2023.godinu. Delegati su usvojili podnijeta izvje\u0161\u0107a Saboru.<\/p>\n\n\n\n<p>29.lipnja 2024.godine odr\u017eani su 22.Susreti obitelji poginule djece u Domovinskom ratu pod nazivom Sje\u0107anje na poginulu djecu u Domovinskom ratu \u201eMali kri\u017e \u2013 Velika \u017ertva\u201c uz potporu Ministarstva hrvatskih branitelja.&nbsp; Za svu poginulu djecu u Domovinskom ratu odr\u017eana je Sveta misa u crkvi Presvetog trojstva. Prigodan program odr\u017ean je kod spomenika Prekinuto djetinjstvo, &nbsp;polo\u017eeni su vijenci, 402 bijele ru\u017ee i &nbsp;zapaljene 402 svije\u0107e za svako poginulo dijete u Domovinskom ratu. Najnevinijim \u017ertvama Domovinskog rata poklonili su se i vijence polo\u017eili roditelji i obitelji poginule djece, izaslanstva predsjednika Republike Hrvatske i Sabora Republike Hrvatske, izaslanstvo Vlade Republike Hrvatske koju je vodio potpredsjednik Vlade i ministar hrvatskih branitelja Tomo Medved, izaslanstvo Brodsko posavske \u017eupanije koju je vodio \u017eupan Danijel Maru\u0161i\u0107, izaslanstvo grada Slavonskog Broda koju je vodio gradona\u010delnik Mirko Duspara, udruge iz Domovinskog rata, delegacija Zajednice udruga hrvatskih civilnih stradalnika na \u010delu s predsjednicom Julijanom Rosandi\u0107, SUONHB na \u010delu s predsjednicom Ljiljanom Alvir i drugi.<\/p>\n\n\n\n<p>Sportsko rekreativni i kreativni susreti civilnih stradalnika Domovinskog rata odr\u017eani su od 25. do 27.listopada 2024.godine u hotelu Frankopan, Duga Resa (Karlova\u010dka \u017eupanija) uz potporu Ministarstva hrvatskih branitelja. U sklopu Sportsko rekreativnih i kreativnih susreta odr\u017ean je Aktualni sat, a tema je bila Provedba Zakona o civilnim stradalnicima iz Domovinskog rata u praksi. Na Aktualnom satu sudjelovao je izaslanik potpredsjednika Vlade i ministra hrvatskih branitelja Tome Medveda, Ivica Akmad\u017ea (glavni tajnik Ministarstva hrvatskih branitelja), Julijana Markovi\u0107 i Sanja Kova\u010di\u0107 Hod\u017ei\u0107 (djelatnice Ministarstva hrvatskih branitelja). Ve\u0107ina pitanja odnosila se na Zakon o civilnim stradalnicima iz Domovinskog rata te prijedloge izmjena i dopuna istog i druga aktualna pitanja vezana za civilne stradalnike Domovinskog rata.<\/p>\n\n\n\n<p>U Daruvaru od 29. do 31.kolovoza 2024.godine obilje\u017eili smo Me\u0111unarodni Dan nestalih osoba i Dan sje\u0107anja na nestale osobe u Domovinskom ratu. Uz prigodan program polo\u017eeni su vijenci,&nbsp; zapaljene svije\u0107e i odr\u017eana Sveta misa za sve nestale osobe.<\/p>\n\n\n\n<p>Obilje\u017eili smo obljetnice u Ba\u0107inu&nbsp; (21.listopada 2024.godine), u \u0160kabrnji i Vukovaru (18.studeni 2024.godine) i Borovo Naselju (19.studeni 2024.godine).<\/p>\n\n\n\n<p>U Ba\u0107inu je 21.listopada 2024.godine&nbsp; izaslanstvo Zajednice udruga hrvatskih civilnih stradalnika iz Domovinskog rata Hrvatske na \u010delu sa predsjednicom Zajednice Julijanom Rosandi\u0107 polo\u017eilo vijence i zapalilo svije\u0107e svim stradalim civilima Ba\u0107ina i okolnih mjesta kod Spomen obilje\u017eja Golubica na mjestu masovne grobnice gdje su sahranjeni posmrtni ostaci 56 \u017ertava iz Domovinskog rata Ba\u0107ina i okolnih mjesta. Nakon odavanja po\u010dasti i prigodnih obra\u0107anja nazo\u010dnim za sve \u017ertve Ba\u0107ina civile i branitelje slu\u017eena je Sveta misa u crkvi Presvetog trojstva u Hrvatskoj Dubici, prisutni su posjetili i Spomen sobu Domovinskog rata u Ba\u0107inu.<\/p>\n\n\n\n<p>U \u0160kabrnji je 18.studenog 2024.godine obilje\u017eena 33.obljetnica stradanja stanovnika \u0160kabrnje. Njihovi \u017eivoti su ugra\u0111eni u temelje na\u0161e Domovine, svima njima odana je po\u010dast, za sve njih zapaljene su svije\u0107e, polo\u017eeni vijenci na spomen obilje\u017eje Golubica \u2013 na mjestu masovne grobnice i na mjesnom groblju Svetog Luke. Ispred Zajednice udruga civilnih stradalnika iz Domovinskog rata Hrvatske sje\u0107anju su nazo\u010dili dopredsjednica Zajednice udruga Ljubica Krci\u0107 sa \u010dlanovima udruge Zadarske \u017eupanije. Za sve \u017ertve \u0160kabrnje slu\u017eena je Sveta misa u crkvi Uznesenja Bla\u017eene Djevice Marije. Svi prisutni su sudjelovali na kri\u017enom putu od Crkve do mjesnog groblja gdje su zapaljene svije\u0107e za sve poginule.<\/p>\n\n\n\n<p>Borovo Naselje 19.studenog 2024.godine. U organizaciji Udruge roditelja i obitelji zarobljenih i nasilno odvedenih hrvatskih branitelja &nbsp;\u201eVukovarske majke\u201c pred ostacima biv\u0161e zgrade Borovo Comerca&nbsp; po\u010dast je odalo izaslanstvo Zajednice udruga hrvatskih civilnih stradalnika iz Domovinskog rata Hrvatske (\u010dlanovi Udruge hrvatskih civilnih stradalnika Domovinskog rata Brodsko posavske \u017eupanije) zajedno sa Savezom udruga obitelji zato\u010denih i nestalih hrvatskih branitelja i Udrugom djece poginulih i nestalih hrvatskih branitelja polaganjem vijenca i paljenjem svije\u0107a. Sudjelovali smo na kri\u017enom putu \u2013 Kolona sje\u0107anja, Sveta misa odr\u017eana je u crkvi Gospe Fatimske. Odana je po\u010dast svim \u017ertvama i civilima kod Spomen obilje\u017eja \u201eFarma &nbsp;Lovas\u201c. Za sve stradale i nestale odana je po\u010dast paljenjem svije\u0107a kod Spomen obilje\u017eja u Borovo Naselju.<\/p>\n\n\n\n<p>Zajednica udruga&nbsp; hrvatskih civilnih stradalnika iz Domovinskog rata (predsjednica Julijana Rosandi\u0107) 14.listopada 2024.godine sudjelovala je na otkrivanju spomen obilje\u017eja \u201eGolubica\u201c u Sotinu, mjesto masovne grobnice \u017ertava iz Domovinskog rata.<\/p>\n\n\n\n<p>Zajednica udruga hrvatskih civilnih stradalnika iz Domovinskog rata (predsjednica Julijana Rosandi\u0107) 17.studenog 2024.godine prisustvovala je blagoslovu kapelice Krista kralja mu\u010denika na Memorijalnom groblju \u017ertava iz Domovinskog rata u Vukovaru.<\/p>\n\n\n\n<p>Bili smo aktivni na Regionalnoj Me\u0111unarodnoj razini.&nbsp; Sudjelovali smo na vi\u0161e on-line sastanaka. U organizaciji ICMP od 06. do 08.velja\u010de 2024.godine u Podgorici sudjelovali smo (predstavnik Zajednice udruga hrvatskih civilnih stradalnika iz Domovinskog rata Hrvatske \u2013 Slavica Marinovi\u0107) na drugom \u201eForumu \u017eena\u201c sa ciljem isticanja iznimno va\u017ene uloge u procesu rje\u0161avanja pitanja nestalih osoba kao i definiranje smjernica za efikasan nastavak doprinosa \u017eena odmakloj fazi procesa na zapadnom Balkanu.&nbsp; Sudjelovali smo (predstavnik Zajednice udruga hrvatskih civilnih stradalnika iz Domovinskog rata Hrvatske \u2013 Slavica Marinovi\u0107) na promociji Bro\u0161ure o radu grupe za nestale osobe i Regionalnoj suradnji u rje\u0161avanju pitanja nestalih osoba u sukobima na podru\u010dju biv\u0161e Jugoslavije&nbsp; u organizaciji&nbsp; ICMP 16.svibnja 2024.godine u Sarajevu. U organizaciji ICMP od 11. do 13.prosinca 2024.godine u Sarajevu sudjelovali smo&nbsp; (predstavnik Zajednice udruga hrvatskih civilnih stradalnika iz Domovinskog rata Hrvatske \u2013 Slavica Marinovi\u0107) na sastanku Upravnog odbora Regionalne mre\u017ee.<\/p>\n\n\n\n<p>U organizaciji Nacionalne zaklade za razvoj civilnog dru\u0161tva \u2013 Odjeli za europske i sustavne podr\u0161ke 14.listopada 2024.godine sudjelovali smo (djelatnica Zajednice udruga hrvatskih civilnih stradalnika iz Domovinskog rata Hrvatske Jasna Dimi\u0107) na godi\u0161njem sastanku s organizacijama, korisnicima sustavnih podr\u0161ki kao i na izobrazbi. &nbsp;Sudjelovali smo (djelatnica Zajednice udruga hrvatskih civilnih stradalnika iz Domovinskog rata Hrvatske Jasna Dimi\u0107) &nbsp;05.studenog na izobrazbi \u201eOnline mediji i dru\u0161tvene mre\u017ee \u2013 vode\u0107i kanali komunikacije za braniteljske organizacije\u201c u organizaciji Nacionalne zaklade za razvoj civilnog dru\u0161tva \u2013 Odjeli za europske i sustavne podr\u0161ke.<\/p>\n\n\n\n<p>U organizaciji udruge \u201eVukovarske majke\u201c&nbsp; 14.studenog 2024.godine prisustvovali smo (predstavnik Zajednice udruga hrvatskih civilnih stradalnika iz Domovinskog rata Hrvatske \u2013 Slavica Marinovi\u0107) otvoranju izlo\u017ebe \u201eVukovar i \u0160kabrnja u Zagrebu \u2013 33 godine poslije\u201c.<\/p>\n\n\n\n<p>U organizaciji Saveza udruga obitelji zato\u010denih i nestalih hrvatskih branitelja prisustvovali smo (predstavnik Zajednice udruga hrvatskih civilnih stradalnika iz Domovinskog rata Hrvatske Jasna Dimi\u0107) polaganju vijenaca i paljenju svije\u0107a kod spomenika na groblju i kod spomenika na Krematoriju, Mirogoj.<\/p>\n\n\n\n<p>Tijekom 2024.godine predstavnik Zajednice udruga hrvatskih civilnih stradalnika iz Domovinskog rata Hrvatske (predsjednica Julijana Rosandi\u0107) sudjelovala je u radu Povjerenstva za osobe s invaliditetom Republike Hrvatske i u Povjerenstvu Ministarstva hrvatskih branitelja vezano za Zakon o civilnim stradalnicima iz Domovinskog rata.<\/p>\n\n\n\n<p>Zajednica udruga hrvatskih civilnih stradalnika iz Domovinskog rata Hrvatske sudjelovala je u aktivnostima udruga iz Domovinskog rata u obilje\u017eavanju zna\u010dajnih datuma stradavanja civila i branitelja u Domovinskom ratu.<\/p>\n\n\n\n<p><strong>&nbsp;&nbsp;&nbsp;&nbsp;&nbsp;&nbsp;&nbsp;&nbsp;&nbsp;&nbsp;&nbsp;&nbsp;&nbsp;&nbsp;&nbsp;&nbsp;&nbsp;&nbsp;&nbsp;&nbsp;&nbsp;&nbsp;&nbsp;&nbsp;&nbsp;&nbsp;&nbsp;&nbsp;&nbsp;&nbsp;&nbsp;&nbsp;&nbsp;&nbsp;&nbsp;&nbsp;&nbsp;&nbsp;&nbsp;&nbsp;&nbsp;&nbsp;&nbsp;&nbsp;&nbsp;&nbsp;&nbsp;&nbsp;&nbsp;&nbsp;&nbsp;&nbsp;&nbsp;&nbsp;&nbsp;&nbsp;&nbsp;&nbsp;&nbsp;&nbsp;&nbsp;&nbsp;&nbsp;&nbsp;&nbsp;&nbsp;&nbsp;&nbsp;&nbsp;&nbsp;&nbsp;&nbsp;&nbsp;&nbsp;&nbsp;&nbsp;&nbsp;&nbsp;&nbsp;&nbsp;&nbsp;&nbsp;&nbsp;&nbsp;&nbsp;&nbsp;&nbsp;&nbsp;&nbsp;&nbsp;&nbsp;&nbsp;&nbsp;&nbsp;&nbsp;&nbsp;&nbsp;&nbsp;&nbsp;&nbsp;&nbsp;&nbsp;&nbsp;&nbsp;&nbsp;&nbsp;&nbsp;&nbsp;&nbsp;&nbsp;&nbsp;&nbsp;&nbsp;&nbsp;&nbsp;&nbsp;&nbsp;&nbsp;&nbsp;&nbsp;&nbsp;&nbsp;&nbsp;&nbsp;&nbsp; Zajednica udruga<\/strong><\/p>\n\n\n\n<p><strong>&nbsp;&nbsp;&nbsp;&nbsp;&nbsp;&nbsp;&nbsp;&nbsp;&nbsp;&nbsp;&nbsp;&nbsp;&nbsp;&nbsp;&nbsp;&nbsp;&nbsp;&nbsp;&nbsp;&nbsp;&nbsp;&nbsp;&nbsp;&nbsp;&nbsp;&nbsp;&nbsp;&nbsp;&nbsp;&nbsp;&nbsp;&nbsp;&nbsp;&nbsp;&nbsp;&nbsp;&nbsp;&nbsp;&nbsp;&nbsp;&nbsp;&nbsp;&nbsp;&nbsp;&nbsp;&nbsp;&nbsp;&nbsp;&nbsp;&nbsp;&nbsp;&nbsp;&nbsp;&nbsp;&nbsp;&nbsp;&nbsp;&nbsp;&nbsp;&nbsp;&nbsp;&nbsp;&nbsp;&nbsp;&nbsp;&nbsp;&nbsp;&nbsp;&nbsp;&nbsp;&nbsp;&nbsp;&nbsp;&nbsp;&nbsp;&nbsp;&nbsp;&nbsp;&nbsp;&nbsp;&nbsp;&nbsp;&nbsp;&nbsp;&nbsp;&nbsp;&nbsp;&nbsp;&nbsp;&nbsp;&nbsp;&nbsp;&nbsp;&nbsp;&nbsp;&nbsp;&nbsp;&nbsp;&nbsp;&nbsp;&nbsp;&nbsp;&nbsp;&nbsp;&nbsp;&nbsp;&nbsp;&nbsp;&nbsp;&nbsp;&nbsp;&nbsp;&nbsp;&nbsp;&nbsp;&nbsp;&nbsp;&nbsp;&nbsp;&nbsp;&nbsp;&nbsp;&nbsp;&nbsp;&nbsp; Predsjednica<\/strong><\/p>\n\n\n\n<p><strong>&nbsp;&nbsp;&nbsp;&nbsp;&nbsp;&nbsp;&nbsp;&nbsp;&nbsp;&nbsp;&nbsp;&nbsp;&nbsp;&nbsp;&nbsp;&nbsp;&nbsp;&nbsp;&nbsp;&nbsp;&nbsp;&nbsp;&nbsp;&nbsp;&nbsp;&nbsp;&nbsp;&nbsp;&nbsp;&nbsp;&nbsp;&nbsp;&nbsp;&nbsp;&nbsp;&nbsp;&nbsp;&nbsp;&nbsp;&nbsp;&nbsp;&nbsp;&nbsp;&nbsp;&nbsp;&nbsp;&nbsp;&nbsp;&nbsp;&nbsp;&nbsp;&nbsp;&nbsp;&nbsp;&nbsp;&nbsp;&nbsp;&nbsp;&nbsp;&nbsp;&nbsp;&nbsp;&nbsp;&nbsp;&nbsp;&nbsp;&nbsp;&nbsp;&nbsp;&nbsp;&nbsp;&nbsp;&nbsp;&nbsp;&nbsp;&nbsp;&nbsp;&nbsp;&nbsp;&nbsp;&nbsp;&nbsp;&nbsp;&nbsp;&nbsp;&nbsp;&nbsp;&nbsp;&nbsp;&nbsp;&nbsp;&nbsp;&nbsp;&nbsp;&nbsp;&nbsp;&nbsp;&nbsp;&nbsp;&nbsp;&nbsp;&nbsp;&nbsp;&nbsp;&nbsp;&nbsp;&nbsp;&nbsp;&nbsp;&nbsp;&nbsp;&nbsp;&nbsp;&nbsp;&nbsp;&nbsp;&nbsp;&nbsp;&nbsp;&nbsp;&nbsp;&nbsp;&nbsp;&nbsp;&nbsp; Julijana Rosandi\u0107<\/strong><\/p>\n","protected":false},"excerpt":{"rendered":"<p>Tijekom 2024.godine proveli smo niz aktivnosti koje smo organizirali i aktivnosti gdje smo bili partneri i suorganizatori. Sudjelovali smo na konferencijama, tribinama, okruglim stolovima, radionicama i sastancima. U sije\u010dnju smo radili na izvje\u0161\u0107ima o provedenim aktivnostima odobrenim po Javnom pozivu Ministarstva hrvatskih branitelja, izvje\u0161\u0107u za Nacionalnu zakladu za razvoj civilnog dru\u0161tva- Odjeli za europske i&#8230; <a class=\"more\" href=\"https:\/\/intendo-plus.com\/zuhcsd\/?p=3077\">Continue reading &rarr;<\/a><\/p>\n","protected":false},"author":1,"featured_media":0,"comment_status":"closed","ping_status":"closed","sticky":false,"template":"","format":"standard","meta":{"ngg_post_thumbnail":0},"categories":[1],"tags":[],"_links":{"self":[{"href":"https:\/\/intendo-plus.com\/zuhcsd\/index.php?rest_route=\/wp\/v2\/posts\/3077"}],"collection":[{"href":"https:\/\/intendo-plus.com\/zuhcsd\/index.php?rest_route=\/wp\/v2\/posts"}],"about":[{"href":"https:\/\/intendo-plus.com\/zuhcsd\/index.php?rest_route=\/wp\/v2\/types\/post"}],"author":[{"embeddable":true,"href":"https:\/\/intendo-plus.com\/zuhcsd\/index.php?rest_route=\/wp\/v2\/users\/1"}],"replies":[{"embeddable":true,"href":"https:\/\/intendo-plus.com\/zuhcsd\/index.php?rest_route=%2Fwp%2Fv2%2Fcomments&post=3077"}],"version-history":[{"count":1,"href":"https:\/\/intendo-plus.com\/zuhcsd\/index.php?rest_route=\/wp\/v2\/posts\/3077\/revisions"}],"predecessor-version":[{"id":3078,"href":"https:\/\/intendo-plus.com\/zuhcsd\/index.php?rest_route=\/wp\/v2\/posts\/3077\/revisions\/3078"}],"wp:attachment":[{"href":"https:\/\/intendo-plus.com\/zuhcsd\/index.php?rest_route=%2Fwp%2Fv2%2Fmedia&parent=3077"}],"wp:term":[{"taxonomy":"category","embeddable":true,"href":"https:\/\/intendo-plus.com\/zuhcsd\/index.php?rest_route=%2Fwp%2Fv2%2Fcategories&post=3077"},{"taxonomy":"post_tag","embeddable":true,"href":"https:\/\/intendo-plus.com\/zuhcsd\/index.php?rest_route=%2Fwp%2Fv2%2Ftags&post=3077"}],"curies":[{"name":"wp","href":"https:\/\/api.w.org\/{rel}","templated":true}]}}