{"id":3012,"date":"2024-03-19T10:46:56","date_gmt":"2024-03-19T10:46:56","guid":{"rendered":"https:\/\/intendo-plus.com\/zuhcsd\/?p=3012"},"modified":"2024-03-19T10:46:56","modified_gmt":"2024-03-19T10:46:56","slug":"izvjesce-o-radu-zajednice-udruga-hrvatskih-civilnih-stradalnika-iz-domovinskog-rata-hrvatske-za-2023-godinu","status":"publish","type":"post","link":"https:\/\/intendo-plus.com\/zuhcsd\/?p=3012","title":{"rendered":"IZVJE\u0160\u0106E O RADU ZAJEDNICE UDRUGA HRVATSKIH CIVILNIH STRADALNIKA IZ DOMOVINSKOG RATA HRVATSKE ZA 2023.GODINU"},"content":{"rendered":"\n<p><\/p>\n\n\n\n<ul>\n<li>U 2023.godini proveli smo niz aktivnosti koje smo organizirali i aktivnosti gdje smo bili suorganizatori, sudjelovali na konferencijama, sastancima, sudjelovali na obilje\u017eavanju obljetnica, blagdana i sli\u010dno.<\/li>\n\n\n\n<li>U sije\u010dnju smo radili na izvje\u0161\u0107ima o provedenim aktivnostima odobrenim po Javnom pozivu Ministarstva hrvatskih branitelja, izvje\u0161\u0107ima za Nacionalnu zakladu za razvoj civilnog dru\u0161tva.<\/li>\n\n\n\n<li>Tijekom &nbsp;2023.godini odr\u017eali smo pet sastanaka Izvr\u0161nog odbora od toga dva smo odradili telefonski.<\/li>\n\n\n\n<li>Odr\u017ean je sastanak Nadzornog odbora 15. prosinca 2023.godine.<\/li>\n\n\n\n<li>18. prosinca 2023.godine odr\u017eali smo Izvje\u0161tajni Sabor Zajednice udruga hrvatskih civilnih stradalnika iz Domovinskog rata Hrvatske u hotelu Academia, Zagreb uz potporu Nacionalna sustavna podr\u0161ka&nbsp; Nacionalne zaklade za razvoj civilnog dru\u0161tva \u2013 odjeli za europske i sustavne podr\u0161ke.<\/li>\n\n\n\n<li>Saboru su nazo\u010dili ispred Ministarstva hrvatskih branitelja g\u0111a. Nevenka Beni\u0107 (na\u010delnica Sektora za udruge iz Domovinskog rata, kontrolu i analizu projekata) i g. Ivica Akmad\u017ea (glavni tajnik Ministarstva hrvatskih branitelja). Na Saboru su sudjelovali delegati izabrani i delegirani od \u017eupanijskih udruga, \u010dlanica Zajednice. Izabrana su tijela Sabora: Verifikacijska komisija je listi\u0107e prisutnih prebrojila i utvrdila da Sabor ima kvorum i da mo\u017ee pravovaljano donositi odluke, izglasana su i utvr\u0111ena Izvje\u0161\u0107a o radu Zajednice u 2022.godine i Financijsko izvje\u0161\u0107e Nadzornog odbora.<\/li>\n\n\n\n<li>17.lipnja 2023.godine odr\u017eani su&nbsp; 21.Susreti obitelji poginule djece u Domovinskom ratu \u201eMali kri\u017e \u2013 Velika \u017ertva\u201c uz potporu Ministarstva hrvatskih branitelja. Za svu poginulu djecu u Domovinskom ratu odr\u017eana je Sveta misa u crkvi Presvetog trojstva. Kod spomenika Prekinuto djetinjstvo odr\u017ean je prigodan program uz sje\u0107anje na svu poginulu djecu polaganjem vijenaca, paljenjem 402 svije\u0107e i polaganjem bijelih ru\u017ea za svako poginulo dijete u Domovinskom ratu. Vijence su polo\u017eili i zapalili svije\u0107e , izaslanica Predsjednika Republike Hrvatske Melita Muli\u0107, savjetnica Predsjednika za ljudska prava i civilno dru\u0161tvo, izaslanik Predsjednika Hrvatskog sabora Gordana Jandrokovi\u0107a, saborski zastupnik Pero \u0106osi\u0107, izaslanik predsjednika Vlade Republike Hrvatske Andreja Plenkovi\u0107a i potpredsjednika Vlade Republike Hrvatske i ministra hrvatskih branitelja Tome Medveda, dr\u017eavni tajnik \u0160piro Janovi\u0107, predstavnici Brodsko-posavske \u017eupanije koje je vodio \u017eupan Danijel Maru\u0161i\u0107, zamjenica gradona\u010delnika Marina Marti\u0107 Pua\u010da, izaslanstva udruga iz Domovinskog rata kao i predstavnici politi\u010dkih stranaka. Najmla\u0111im i najnevinijim \u017ertvama Domovinskog rata polaganjem ru\u017ea po\u010dast su odala djeca Slavonskog Broda.<\/li>\n\n\n\n<li>Sportsko rekreativne i kreativne susrete civilnih stradalnika Domovinskog rata odr\u017eali smo od 13. do 15.listopada 2023.godine u hotelu Frankopan, Duga Resa (Karlova\u010dka \u017eupanija) uz potporu Ministarstva hrvatskih branitelja. U sklopu sportsko rekreativnih i kreativnih susreta odr\u017ean je Aktualni sat, &nbsp;tema Aktualnog sata je bila Provedba Zakona o civilnim stradalnicima iz Domovinskog rata u praksi. Na Aktualnom satu sudjelovali su izaslanik potpredsjednika Vlade RH i Ministra hrvatskih branitelja Tome Medveda, posebni savjetnik Anto Zeli\u0107 i na\u010delnica Sektora za upravno pravne poslove Nevenka Pupek. Aktualni sat je protekao u konstruktivnoj raspravi uz pitanja civilnih stradalnika i odgovora djelatnika Ministarstva hrvatskih branitelja, svi oni koji nisu dobili usmene odgovore dostaviti \u0107e im se pismeno. U sklopu susreta odr\u017eane su sportske aktivnosti kao i dru\u0161tvene igre i kreativna radionica. Prije odlaska iz Duge Rese sudionike Susreta posjetio je podpredsjednik Vlade RH i ministar hrvatskih branitelja Tomo Medved, pozdravio je sve prisutne sudionike i obratio im se prigodnim rije\u010dima, odgovarao na pitanja civilnih stradalnika \u2013 sudionika Susreta. Napravljena je i zajedni\u010dka fotografija. Uz ministra Tomu Medveda sudionike Susreta posjetila je i ravnateljica Hitne slu\u017ebe RH i saborska zastupnica Maja Grba.<\/li>\n\n\n\n<li>U Vara\u017edinu smo 30.kolovoza 2023.godine obilje\u017eili Me\u0111unarodni Dan nestalih osoba i Dan sje\u0107anja na nestale osobe u Domovinskom ratu. Uz prigodan program polo\u017eeni su vijenci i zapaljene svije\u0107e za sve nestale osobe.<\/li>\n\n\n\n<li>Obilje\u017eili smo obljetnice u Ba\u0107inu (21.10.2023.godine), u \u0160kabrnji i Vukovaru (18.11.2023.godine) i Borovo naselju (19.11.2023.godine).<\/li>\n\n\n\n<li>Ba\u0107in -Izaslanstvo Zajednice udruga hrvatskih civilnih stradalnika iz Domovinskog rata Hrvatske na \u010delu sa predsjednicom Zajednice Julijanom Rosandi\u0107 21.listopada 2023.godine obilje\u017eili su \u201eSje\u0107anje na civilne \u017ertve Ba\u0107ina\u201c polaganjem vijenaca i paljenjem svije\u0107a svim stradalim civilima Ba\u0107ina i okolnih mjesta kod Spomen obilje\u017eja Golubica na mjestu masovne grobnice. U grobnici su sahranjeni posmrtni ostaci 56 \u017ertava iz Domovinskog rata. Nakon odavanja po\u010dasti i prigodnih obra\u0107anja nazo\u010dnim za sve \u017ertve Ba\u0107ina civile i branitelje slu\u017eena je Sveta misa u crkvi Presvetog trojstva u Hrvatskoj Dubici, a svi prisutni su posjetili i Spomen sobu Domovinskog rata u Ba\u0107inu.<\/li>\n\n\n\n<li>&nbsp;\u0160kabrnja &#8211; 18.studeni 2023.godine u \u0160kabrnji je obilje\u017eena 32.obljetnica stradanja stanovnika \u0160kabrnje djece, \u017eena i staraca. Njihovi \u017eivoti su ugra\u0111eni u temelje na\u0161e Domovine, svima njima odana je po\u010dast, za sve njih zapaljene su svije\u0107e, polo\u017eeni vijenci na spomen obilje\u017eje Golubica -na mjestu masovne grobnice i na mjesnom groblju Svetog Luke. Ispred Zajednice udruga sje\u0107anju su nazo\u010dili dopredsjednica Zajednice udruga Ljubica Krci\u0107 sa \u010dlanovima udruge Zadarske \u017eupanije. Za sve \u017ertve \u0160kabrnje slu\u017eena je Sveta misa u crkvi Uznesenja Bla\u017eene Djevice Marije. Svi prisutni su sudjelovali na kri\u017enom putu od Crkve do mjesnog groblja gdje su zapaljene svije\u0107e za sve poginule.<\/li>\n\n\n\n<li>&nbsp;Borovo naselje &#8211; Izaslanstvo Zajednice udruga hrvatskih civilnih stradalnika iz Domovinskog rata Hrvatske (Udruga hrvatskih civilnih stradalnika Domovinskog rata iz Vinkovaca -Vukovarsko srijemska \u017eupanija) sudjelovalo je 19.studenog 2023.godine na obilje\u017eavanju aktivnosti \u201e\u017drtve Borovo Naselja za Domovinu\u201c. Organizator aktivnosti su \u201eVukovarske majke\u201c. Organizator je osigurao vijence i svije\u0107e koji su zajedno polo\u017eeni i svije\u0107e zapaljene. Sudjelovali smo na kri\u017enom putu \u2013 Kolona sje\u0107anja, Sveta misa odr\u017eana je u crkvi Gospe Fatimske. Odana je po\u010dast svim \u017ertvama braniteljima i civilima kod Spomen obilje\u017eje \u201eFarma Lovas\u201c. Za sve stradale zapaljene su svije\u0107e. Kod Spomen obilje\u017eja osobama nestalim u Domovinskom ratu u Borovo Naselju odana je po\u010dast paljenjem svije\u0107a.<\/li>\n\n\n\n<li>Predstavnici Zajednice udruga nazo\u010dili su otvaranju veteranskih centara u Petrinji (12.lipnja) i u Daruvaru (13.studenog 2023.godine).<\/li>\n\n\n\n<li>III Me\u0111unarodna konferencija za obitelji nestalih osoba je odr\u017eana 22. i 23.studenog 2023.godine u organizaciji Hrvatskog Crvenog kri\u017ea, ICRC i Missing Persons a Global Response na kojoj je prisustvovala tajnica Zajednice udruga, Slavica Marinovi\u0107.<\/li>\n\n\n\n<li>Odr\u017eano je \u0161est online sastanaka 9.Centra znanja na kojima &nbsp;je Zajednica udruga sudjelovala.<\/li>\n\n\n\n<li>U hotelu Academia, Zagreb 15.prosinca 2023.godine &nbsp;odr\u017eana je konferencija 9.Centra znanja pod nazivom \u201eHrvatski branitelji i stradalnici Domovinskog rata \u2013 iskustva iz pro\u0161losti u slu\u017ebi sada\u0161njosti\u201c gdje je zajedno sa ostalim \u010dlanicama 9.Centra znanja &nbsp;nazo\u010dila tajnica Zajednice udruga, Slavica Marinovi\u0107.<\/li>\n\n\n\n<li>Dana 26.lipnja 2023.godine&nbsp; odr\u017ean je sastanak o prijelaznom pripremnom razdoblju sustava podr\u0161ke u Hotelu Dubrovnik ne temu uklju\u010denja u prijelazno pripremno razdoblje uklju\u010divanja u sustavne podr\u0161ke.<\/li>\n\n\n\n<li>U organizaciji Nacionalne zaklade za razvoj civilnog dru\u0161tva provedena je izobrazba djelatnika. Prva izobrazba odr\u017eana je u Zadru 27. i 28.rujna 2023.godine na kojoj je prisustvovala dopredsjednica Zajednice udruga g\u0111a. Ljubica Krci\u0107, ostale izobrazbe su uglavnom odr\u017eavane online na kojima smo dijelom prisustvovali, a dio na kojem nismo bili u mogu\u0107nosti prisustvovati je iz razloga \u0161to je djelatnica raskinula Ugovor o radnom odnosu sa Zajednicom udruga.<\/li>\n\n\n\n<li>Tijekom 2023.godine predstavnici Zajednice udruga sudjelovali su u radu Povjerenstva za osobe sa invaliditetom Republike Hrvatske i u Povjerenstvu Ministarstva hrvatskih branitelja vezano za Zakon o civilnim stradalnicima iz Domovinskog rata.<\/li>\n<\/ul>\n","protected":false},"excerpt":{"rendered":"","protected":false},"author":1,"featured_media":0,"comment_status":"closed","ping_status":"closed","sticky":false,"template":"","format":"standard","meta":{"ngg_post_thumbnail":0},"categories":[8],"tags":[],"_links":{"self":[{"href":"https:\/\/intendo-plus.com\/zuhcsd\/index.php?rest_route=\/wp\/v2\/posts\/3012"}],"collection":[{"href":"https:\/\/intendo-plus.com\/zuhcsd\/index.php?rest_route=\/wp\/v2\/posts"}],"about":[{"href":"https:\/\/intendo-plus.com\/zuhcsd\/index.php?rest_route=\/wp\/v2\/types\/post"}],"author":[{"embeddable":true,"href":"https:\/\/intendo-plus.com\/zuhcsd\/index.php?rest_route=\/wp\/v2\/users\/1"}],"replies":[{"embeddable":true,"href":"https:\/\/intendo-plus.com\/zuhcsd\/index.php?rest_route=%2Fwp%2Fv2%2Fcomments&post=3012"}],"version-history":[{"count":1,"href":"https:\/\/intendo-plus.com\/zuhcsd\/index.php?rest_route=\/wp\/v2\/posts\/3012\/revisions"}],"predecessor-version":[{"id":3013,"href":"https:\/\/intendo-plus.com\/zuhcsd\/index.php?rest_route=\/wp\/v2\/posts\/3012\/revisions\/3013"}],"wp:attachment":[{"href":"https:\/\/intendo-plus.com\/zuhcsd\/index.php?rest_route=%2Fwp%2Fv2%2Fmedia&parent=3012"}],"wp:term":[{"taxonomy":"category","embeddable":true,"href":"https:\/\/intendo-plus.com\/zuhcsd\/index.php?rest_route=%2Fwp%2Fv2%2Fcategories&post=3012"},{"taxonomy":"post_tag","embeddable":true,"href":"https:\/\/intendo-plus.com\/zuhcsd\/index.php?rest_route=%2Fwp%2Fv2%2Ftags&post=3012"}],"curies":[{"name":"wp","href":"https:\/\/api.w.org\/{rel}","templated":true}]}}