{"id":2904,"date":"2023-02-02T13:55:41","date_gmt":"2023-02-02T13:55:41","guid":{"rendered":"https:\/\/intendo-plus.com\/zuhcsd\/?p=2904"},"modified":"2023-03-07T09:15:13","modified_gmt":"2023-03-07T09:15:13","slug":"izvjesce-o-radu-za-2022-godinu","status":"publish","type":"post","link":"https:\/\/intendo-plus.com\/zuhcsd\/?p=2904","title":{"rendered":"IZVJE\u0160\u0106E O RADU ZA 2022.GODINU"},"content":{"rendered":"\n<p>U 2022.godini organizirali &nbsp;smo niz aktivnosti, sudjelovali na radnim sastancima i doga\u0111anjima s Institucijama Dr\u017eave, lokalnim Zajednicama i Udrugama iz Domovinskog rata i civilnog dru\u0161tva.<\/p>\n\n\n\n<p>U sije\u010dnju smo radili na izvje\u0161\u0107u za Nacionalnu zakladu za razvoj civilnog dru\u0161tva i za Ministarstvo hrvatskih branitelja, &nbsp;kao i na ostalim godi\u0161njim izvje\u0161\u0107ima za proteklu 2022.godinu.<\/p>\n\n\n\n<p>U 2022.godini odr\u017eano je pet &nbsp;sastanaka Izvr\u0161nog odbora (14.velja\u010de, 03.o\u017eujka, 02.lipnja, 07.srpnja i 07.listopada) Zajednice udruga.<\/p>\n\n\n\n<p>15. i 16. o\u017eujka u Sarajevu je odr\u017ean sastanak Regionalne koordinacije za nestale osobe &nbsp;i ICMP uz potpisivanje Memoranduma o razumijevanju na kojem je sudjelovala Zajednica udruga (Slavica Marinovi\u0107 -\u010dlan Upravnog odbora Regionalne koordinacije).<\/p>\n\n\n\n<p>Zajednica udruga je 08.travnja sudjelovala u Tenji na zajedni\u010dkom ispra\u0107aju i pokopu posmrtnih ostataka &nbsp;civilnih stradalnika iz Domovinskog rata eshumiranih iz masovne grobnice (Bobota) u Vukovarsko-srijemskoj \u017eupaniji.<\/p>\n\n\n\n<p>U Zagrebu je 09. travnja odr\u017ean &nbsp;redovni Izborni sabor Zajednice udruga, &nbsp;jednoglasno je usvojen dnevni red kao i Poslovnik o radu Sabora. Podneseno &nbsp;Izvje\u0161\u0107e o radu Zajednice za 2021.godinu, Financijsko izvje\u0161\u0107e za 2021.godinu i Izvje\u0161\u0107e Nadzornog odbora o financijskom poslovanju za 2021.godinu jednoglasno su usvojeni. Potvr\u0111ene su liste kandidata za Izvr\u0161ni i Nadzorni odbor (po jedan kandidat iz svake \u017eupanijske udruge). Tajnim glasanjem izabrana su tijela Zajednice, predsjednica i dvije dopredsjednice Zajednice, kao i tajnica Zajednice udruga.<\/p>\n\n\n\n<p>20.SUSRET SJE\u0106ANJE NA POGINULU DJECU U DOMOVINSKOM RATU \u201eMALI KRI\u017d \u2013 VELIKA \u017dRTVA\u201c odr\u017ean je&nbsp; 11.lipnja &nbsp;u Slavonskom Brodu . Organizator Susreta bila je Zajednica udruga hrvatskih civilnih stradalnika iz Domovinskog rata uz potporu Ministarstva hrvatskih branitelja. Uz 60 obitelji poginule djece, \u010dlanove Zajednice udruga hrvatskih civilnih stradalnika iz Domovinskog rata Hrvatske nazo\u010dili su i predstavnici dr\u017eavnih institucija. Odr\u017ean je prigodan program kod spomenika \u201ePrekinuto djetinjstvo\u201c gdje je odana i po\u010dast najnevinijim \u017ertvama Domovinskog rata. Za svako poginulo dijete zapaljena je svije\u0107a i polo\u017eena ru\u017ea (402 svije\u0107e i 402 ru\u017ee) i polo\u017eeni &nbsp;vijenci. Za svu poginulu djecu odr\u017eana je Sveta misa u crkvi Presvetog trojstva u Slavonskom Brodu.<\/p>\n\n\n\n<p>Sastanak Upravnog odbora &nbsp;Regionalne koordinacije za nestale osobe odr\u017ean je 22.-23.srpnja na kojem je sudjelovala Slavica Marinovi\u0107, \u010dlan Upravnog odbora Regionalne koordinacije za nestale osobe. Tema sastanka bila je \u201eOsiguravanje vidljivosti rada Regionalne koordinacije kroz kori\u0161tenje dru\u0161tvenih mre\u017ea\u201c.<\/p>\n\n\n\n<p>U Vukovaru 30.kolovoza obilje\u017een je Me\u0111unarodni &nbsp;dan nestalih osoba i Dan sje\u0107anja na nestale osobe u Domovinskom ratu. Sudjelovali smo na polaganju vijenaca, Svetoj misi i sve\u010danom obilje\u017eavanju.<\/p>\n\n\n\n<p>Sudjelovali smo od 11. do 13.rujna na &nbsp;Regionalnoj konferenciji za nestale osobe u Podgorici. Na konferenciji je prisustvovali su &nbsp;\u010dlanovi Upravnog odbora Regionalne koordinacije za nestale osobe.&nbsp; U prvom dijelu predstavljeno je izvje\u0161\u0107e Grupe za nestale osobe za 2022.godinu gdje su predo\u010dene&nbsp; najnovije informacije o napretku u provedbi Zajedni\u010dkog okvirnog plana i multilateralne suradnje u okviru Grupe za nestale osobe. Drugi dio bilo je predstavljanje povratnih informacija u vezi s pitanjima dostavljenim od strane RK-a koja se odnose na pojedina\u010dne aktivnosti doma\u0107ih institucija (Hrvatske, Srbije, Kosova, Crne Gore i Bosne i Hercegovine), &nbsp;\u010dlanica Grupe za nestale osobe, u periodu od 01.sije\u010dnja do 30.lipnja 2022.godine i rasprava.&nbsp;<\/p>\n\n\n\n<p>21.rujna sudjelovali smo na online koordinacijskom sastanku &nbsp;9.Centra znanja, tema je bila organizacija konferencije 9.Centra znanja.<\/p>\n\n\n\n<p>Od 13.listopada 2022.godine do 28.velja\u010de 2023.godine Zajednica udruga sudjeluje na online edukaciji &nbsp;\u201eNormativni okvir financijskog poslovanja neprofitnih organizacija\u201c u organizaciji Nacionalne zaklade za razvoj civilnog dru\u0161tva.<\/p>\n\n\n\n<p>Od 14.listopada 2022.godine do 28.velja\u010de 2023.godine Zajednica udruga sudjeluje na &nbsp;online edukaciji \u201eRa\u010dunovodstvo neprofitnih organizacija\u201c u organizaciji &nbsp;Nacionalne zaklade za razvoj civilnog dru\u0161tva.<\/p>\n\n\n\n<p>Prigodnim programom uz &nbsp;polaganje vijenaca i paljenjem svije\u0107a kod Spomen obilje\u017eja Golubica na mjestu &nbsp;masovne grobnice u Ba\u0107inu 21.listopada Izaslanstvo Zajednice udruga sa predsjednicom Julijanom Rosandi\u0107 obilje\u017eilo je 31.obljetnicu stradavanja civila u Domovinskom ratu. Nakon odavanja po\u010dasti svim civilnim stradalnicima prisustvovali smo Svetoj misi u crkvi Presvetog trojstva u Hrvatskoj Dubici i posjetili Spomen sobu Domovinskog rata u Ba\u0107inu.<\/p>\n\n\n\n<p>Organizirali smo od 21. do 23.listopada Sportsko \u2013 rekreativne i kreativne susrete civilnih stradalnika u Daruvaru uz potporu Ministarstva hrvatskih branitelja. Na susretima su sudjelovali civilni stradalnici iz sedam \u017eupanijskih udruga koji su bili aktivni u sportskim natjecanjima, dru\u0161tvenim igrama, kreativnoj radionici i na rekreativnom plivanju. U sklopu Susreta odr\u017ean je i okrugli stol na temu \u201eProvedba zakona o civilnim stradalnicima iz Domovinskog rata\u201c na kojem su uz osam predstavnika Zajednice udruga sudjelovali i : iz grada Zagreba&nbsp; Ministarstvo hrvatskih branitelja \u2013 Nevenka Beni\u0107 (na\u010delnica Sektora za udruge iz Domovinskog rata kontrolu i analizu projekata) i Petra \u0160\u0107ukanec (na\u010delnica Sektora za normativne i op\u0107e poslove), iz Osje\u010dko-baranjske \u017eupanije (Odjel za branitelje)- Maja Vangelovski i Adrijana Livada, iz Sisa\u010dko-moslava\u010dke \u017eupanije (Upravni odjel za zdravstvo i socijalnu skrb) \u2013 Stjepan Markanovi\u0107, iz grada Zagreb (Gradski ured za socijalnu za\u0161titu, zdravstvo, branitelje i osobe s invaliditetom) \u2013 Vesna \u010cavka i Davorka Jusuf i predsjednica Saveza udruga obitelji zato\u010denih i nestalih hrvatskih &nbsp;branitelja \u2013 Ljiljana Alvir. Za vrijeme odr\u017eavanja Okruglog stola predstavljene su tri prezentacije: \u201ePut do dono\u0161enja Zakona\u201c \u2013 Ivana Marinovi\u0107, \u201eZakon o civilnim stradalnicima Domovinskog rata i provedba Zakona\u201c \u2013 Petra \u0160\u0107ukanec i \u201eVeteranski centri u Hrvatskoj i mogu\u0107nost njihovog kori\u0161tenja\u201c \u2013 Nevenka Beni\u0107. Uz vodi\u010de organiziran je posjet Dvorcu Jankovi\u0107, Spomen sobi Domovinskog rata, vinariji i ku\u0161aonici vina i sireva OPG-a.<\/p>\n\n\n\n<p>U prigodi &nbsp;otkrivanja spomen obilje\u017eja Golubica \u2013 na mjestu masovne grobnice, op\u0107ina Majur (Sisa\u010dko-moslava\u010dka \u017eupanija) 15.studenog sudjelovala &nbsp;je predsjednica Zajednice udruga Julijana Rosandi\u0107.<\/p>\n\n\n\n<p>Zajednica udruga hrvatskih civilnih stradalnika iz Domovinskog rata je 18.studenog obilje\u017eila stradanje civila u \u0160kabrnji. U ime Zajednice udruga dopredsjednica Ljubica Krci\u0107 zajedno s \u010dlanovima udruge polo\u017eila je vijenac i zapalila svije\u0107e kod Spomen obilje\u017eja masovne grobnice u \u0160kabrnji i na mjesnom groblju.<\/p>\n\n\n\n<p>U Borovo naselju 19.studenog sudjelovali smo na obilje\u017eavanju &nbsp;\u201e\u017drtva Borovo naselja za Domovinu\u201c \u2013 Borovo-comerce, &nbsp;kri\u017enom putu (kolona sje\u0107anja) i nazo\u010dili Svetoj misi u crkvi Gospe Fatimske.&nbsp; Kod Spomen obilje\u017eja i na farmi Lovas (masovnoj grobnici) paljenjem svije\u0107a i polaganjem vijenca odali smo po\u010dast svim nestalim u Domovinskom ratu.<\/p>\n\n\n\n<p>Uz potporu Nacionalne zaklade za razvoj civilnog dru\u0161tva 25.studenog &nbsp;sudjelovali &nbsp;smo na konferenciji &nbsp;9.Centra znanja pod nazivom \u201eZnanjem kroz izazove budu\u0107nosti\u201c. Konferencija je odr\u017eana u hotelu Academia, Zagreb.<\/p>\n\n\n\n<p>Organizirali smo 26.studenog edukaciju \u201ePoslovno dopisivanje\u201c u hotelu Academia, Zagreb uz financijsku potporu Nacionalne zaklade za razvoj civilnog dru\u0161tva. Predava\u010dica na edukaciji je bila profesorica Andrea Wawrzynek iz Upravne \u0161kole, Zagreb. Na edukaciji uz \u010dlanove Zajednice udruga sudjelovali su Savez udruga obitelji zato\u010denih i nestalih hrvatskih branitelja i Udruga djece poginulih i nestalih hrvatskih branitelja Domovinskog rata.<\/p>\n\n\n\n<p>Organizirali smo 03.prosinca Okrugli stol na temu \u201eRazina uklju\u010denosti osoba s invaliditetom u dru\u0161tvene aktivnosti \u2013 stupanj razvijenosti inkluzije u Republici Hrvatskoj\u201c u hotelu Academia, Zagreb, a uz financijsku potporu Nacionalne zaklade za razvoj civilnog dru\u0161tva. Na Okruglom stolu osim \u010dlanova Zajednice udruga sudjelovao je 8.Centar znanja (Zajednica saveza osoba s invaliditetom \u2013 predsjednica Marica Miri\u0107 i Savez civilnih invalida rata Hrvatske). U sklopu Okruglog stola obilje\u017eili smo i Me\u0111unarodni dan osoba s invaliditetom. &nbsp;<\/p>\n\n\n\n<p>Sudjelovali smo 09.prosinca na &nbsp;tribini &nbsp;u Zagrebu, hotel Academia,&nbsp;&nbsp; \u201ePravo nestalih na identitet \u2013 pravo obitelji na istinu\u201c koju su organizirale udruga \u201eVukovarske majke\u201c i udruga \u201eHrvatski Feniks\u201c u suradnji sa SUOZNHB kao i na tribini &nbsp;\u201eStarost, trauma, nemo\u0107 \u2013 ovisnost o drugima\u201c ( cilj tribine je socijalno i psiholo\u0161ko osna\u017eivanje i podizanje kvalitete \u017eivljenja \u010dlanova obitelji nestalih i ubijenih hrvatskih branitelja) &nbsp;koju su organizirale udruga \u201eVukovarske majke\u201c i Savez obitelji zato\u010denih i nestalih hrvatskih branitelja.<\/p>\n","protected":false},"excerpt":{"rendered":"<p>U 2022.godini organizirali &nbsp;smo niz aktivnosti, sudjelovali na radnim sastancima i doga\u0111anjima s Institucijama Dr\u017eave, lokalnim Zajednicama i Udrugama iz Domovinskog rata i civilnog dru\u0161tva. U sije\u010dnju smo radili na izvje\u0161\u0107u za Nacionalnu zakladu za razvoj civilnog dru\u0161tva i za Ministarstvo hrvatskih branitelja, &nbsp;kao i na ostalim godi\u0161njim izvje\u0161\u0107ima za proteklu 2022.godinu. U 2022.godini odr\u017eano&#8230; <a class=\"more\" href=\"https:\/\/intendo-plus.com\/zuhcsd\/?p=2904\">Continue reading &rarr;<\/a><\/p>\n","protected":false},"author":1,"featured_media":0,"comment_status":"closed","ping_status":"closed","sticky":false,"template":"","format":"standard","meta":{"ngg_post_thumbnail":0},"categories":[8],"tags":[],"_links":{"self":[{"href":"https:\/\/intendo-plus.com\/zuhcsd\/index.php?rest_route=\/wp\/v2\/posts\/2904"}],"collection":[{"href":"https:\/\/intendo-plus.com\/zuhcsd\/index.php?rest_route=\/wp\/v2\/posts"}],"about":[{"href":"https:\/\/intendo-plus.com\/zuhcsd\/index.php?rest_route=\/wp\/v2\/types\/post"}],"author":[{"embeddable":true,"href":"https:\/\/intendo-plus.com\/zuhcsd\/index.php?rest_route=\/wp\/v2\/users\/1"}],"replies":[{"embeddable":true,"href":"https:\/\/intendo-plus.com\/zuhcsd\/index.php?rest_route=%2Fwp%2Fv2%2Fcomments&post=2904"}],"version-history":[{"count":1,"href":"https:\/\/intendo-plus.com\/zuhcsd\/index.php?rest_route=\/wp\/v2\/posts\/2904\/revisions"}],"predecessor-version":[{"id":2905,"href":"https:\/\/intendo-plus.com\/zuhcsd\/index.php?rest_route=\/wp\/v2\/posts\/2904\/revisions\/2905"}],"wp:attachment":[{"href":"https:\/\/intendo-plus.com\/zuhcsd\/index.php?rest_route=%2Fwp%2Fv2%2Fmedia&parent=2904"}],"wp:term":[{"taxonomy":"category","embeddable":true,"href":"https:\/\/intendo-plus.com\/zuhcsd\/index.php?rest_route=%2Fwp%2Fv2%2Fcategories&post=2904"},{"taxonomy":"post_tag","embeddable":true,"href":"https:\/\/intendo-plus.com\/zuhcsd\/index.php?rest_route=%2Fwp%2Fv2%2Ftags&post=2904"}],"curies":[{"name":"wp","href":"https:\/\/api.w.org\/{rel}","templated":true}]}}