{"id":2746,"date":"2022-01-02T13:08:06","date_gmt":"2022-01-02T13:08:06","guid":{"rendered":"http:\/\/intendo-plus.com\/zuhcsd\/?p=2746"},"modified":"2022-01-02T14:01:40","modified_gmt":"2022-01-02T14:01:40","slug":"izvjesce-o-radu-za-2021-godinu","status":"publish","type":"post","link":"https:\/\/intendo-plus.com\/zuhcsd\/?p=2746","title":{"rendered":"IZVJE\u0160\u0106E O RADU ZA 2021. GODINU"},"content":{"rendered":"\n<p>Po\u010detkom 2021. godine radili smo na izvje\u0161\u0107ima za prethodnu 2020. godinu za Ministarstvo hrvatskih branitelja i Nacionalnu zakladu za razvoj civilnog dru\u0161tva.<\/p>\n\n\n\n<p>Tako\u0111er smo se i prijavili na javni poziv za aktivnosti Ministarstva hrvatskih branitelja.<\/p>\n\n\n\n<p>Od po\u010detka godine pa sve do kona\u010dnog dono\u0161enja Zakona o civilnim stradalnicima iz Domovinskog rata u srpnju, radili smo na kampanji za Zakon koja je uklju\u010divala brojne razli\u010dite aktivnosti.<\/p>\n\n\n\n<p>U sklopu aktivnosti koje su se odnosile na dono\u0161enje Zakona o civilnim stradalnicima iz Domovinskog rata odr\u017eana su gostovanja u tv emisijama (Veterani mira, specijalna emisija obljetnice operacije Bljesak, Dnevnik HRT-a, Dnevnik Nove tv) , pri\u010de o civilnim stradalnicima odnosno njihove ispovijesti u dnevnim novinama 24 sata, gostovanja u radijskim emisijama u Osje\u010dko-baranjskoj \u017eupaniji i Zagrebu. Odr\u017eano je niz sastanaka u Ministarstvu hrvatskih branitelja vezanih za kampanju. Pisana su priop\u0107enja kao reakcije na istupe pojedinih politi\u010dara. Tako\u0111er su prije oba saborska \u010ditanja upu\u0107ena pisma saborskim zastupnicima koja su i pro\u010ditana u Hrvatskom saboru. U sklopu kampanje odr\u017ean je i okrugli stol \u201eZa\u0161to je va\u017ean Zakon o civilnim stradalnicima Domovinskog rata\u201c na kojem su sudjelovali predstavnici Ministarstva hrvatskih branitelja, dr.sc. Ante Nazor iz Memorijalnog centra Domovinskog rata, sociolog prof.dr.sc. Renato Mati\u0107, Almira Osmanovi\u0107 koja je govorila iz aspekta stradalnika ali i predstavnika kulture te kao \u010dlanica HHO-a te predstavnici stradalni\u010dkih udruga (Ljiljana Alvir, Sandra Rap\u010dak i Lucija Kober) kao i predstavnici ZUHCSDR koji su dali najve\u0107i doprinos u provedbi kampanje.<\/p>\n\n\n\n<p>27. sije\u010dnja ZUHCSDR je pisala priop\u0107enje kao odgovor na press konferenciju odre\u0111enih saborskih&nbsp; zastupnika<\/p>\n\n\n\n<p>6. velja\u010de ZUHCSDR uputila je pismo svim Klubovima zastupnika u Hrvatskom saboru na temu Nacrta prijedloga Zakona o civilnim stradalnicima iz Dom.rata.<\/p>\n\n\n\n<p>U o\u017eujku smo sudjelovali u emisijama Veterani mira (2 emisije). U prvoj emisiji sudjelovale su predsjednica Zajednice Julijana Rosandi\u0107 i koordinatorica za projekte i komunikaciju Ivana Marinovi\u0107 zajedno s glavnim tajnikom Ministarstva hrvatskih branitelja Ivicom Akmad\u017eom a u drugoj emisiji sudjelovala je Marija Petrovi\u0107 iz Slavonskog Broda.<\/p>\n\n\n\n<p>U travnju 2021. godine ZUHCSDR napisala je i objavila pismo kao poruku hrvatskoj javnosti.<\/p>\n\n\n\n<p>10. travnja pri\u010da o stradalnicima iz Dubrovnika i Kor\u010dule prikazana je u prilogu emisije Veterani mira.<\/p>\n\n\n\n<p>14.travnja 2021.na Hrvatskom radiju Valpov\u0161tina na temu Nacrta prijedloga zakona o civilnim stradalnicima iz Domovinskog rata gostovale su Sanja Ivkovi\u0107, voditeljica odjela Ministarstva hrvatskih branitelja u Osijeku i Ru\u017eica Bisaha, predsjednica Udruge hrvatskih civilnih \u017ertava iz Domovinskog rata Osje\u010dko-baranjske \u017eupanije i dopredsjednica Zajednice udruga hrvatskih civilnih stradalnika iz Domovinskog rata.<\/p>\n\n\n\n<p>Nakon Hrvatskog radija Valpov\u0161tina slijede gostovanja na Radiju Na\u0161ice i Radio Baranji 26.travnja te na Radiju Osijek 29.travnja.<\/p>\n\n\n\n<p>17. travnja u emisiji Veterani mira prikazana je pri\u010da o civilnim stradalnicima iz Zadra.<\/p>\n\n\n\n<p>24. travnja u emisiji Veterani mira prikazana je pri\u010da civilnih stradalnika iz Osje\u010dko-baranjske \u017eupanije.<\/p>\n\n\n\n<p>Dopredsjednica Zajednice udruga hrvatskih civilnih stradalnika iz Domovinskog rata i predsjednica Udruge civilnih \u017ertava Domovinskog rata Osje\u010dko-baranjske \u017eupanije Ru\u017eica Bisaha gostovala je 26.travnja u emisiji Brifing na Radio Baranji. Tema emisije bila je Nacrt prijedloga zakona o civilnim stradalnicima Domovinskog rata. Uz Ru\u017eicu Bisahu o Nacrtu prijedloga zakona govorila je i voditeljica ispostave ministarstva Hrvatskih branitelja u Osijeku Sanja Ivkovi\u0107.<\/p>\n\n\n\n<p>1. svibnja za specijalnu emisiju obljetnice vojno-redarstvene operacije Bljesak o Nacrtu prijedloga zakona o civilnim stradalnicima Domovinskog rata i stradavanju u raketiranju grada Zagreba govorile su Ivana Marinovi\u0107 i Almira Osmanovi\u0107.<\/p>\n\n\n\n<p>1. svibnja o stradavanju u Zagrebu 1995. u Veteranima mira govorile su stradale kao civilne \u017ertve Sanja Risovi\u0107 i Almira Osmanovi\u0107.<\/p>\n\n\n\n<p>3. svibnja u dnevnim novinama 24 sata objavljena je pri\u010da Danijele Ljutak Jurekovi\u0107 iz Daruvara koja je u Domovinskom ratu do\u017eivjela tragi\u010dnu sudbinu stradanja svoje obitelji kao \u0161esnaestogodi\u0161nja djevoj\u010dica.<\/p>\n\n\n\n<p>8. svibnja u emisiji Veterani mira svoju pri\u010du o stradanju u Dom.ratu ispri\u010dala je Martina Begovi\u0107 iz Vinkovaca.<\/p>\n\n\n\n<p>Tako\u0111er je u svibnju u dnevnim novinama 24 sata objavljena pri\u010da o stradanju Martine Begovi\u0107.<\/p>\n\n\n\n<p>Uo\u010di dono\u0161enja Zakona o civilnim stradalnicima iz Domovinskog rata, u Zagrebu je 8. lipnja 2021. odr\u017ean Okrugli stol u organizaciji Zajednice udruga hrvatskih civilnih stradalnika iz Domovinskog rata Hrvatske pod nazivom Za\u0161to je va\u017ean Zakon o civilnim stradalnicima iz Domovinskog rata?, kojim se jo\u0161 jednom \u017eeljelo ukazati na nu\u017enost i va\u017enost dono\u0161enja tog jedinstvenog normativnog akta.<\/p>\n\n\n\n<p>Uz predstavnike Zajednice na \u010delu s predsjednicom Julijanom Rosandi\u0107, sudjelovali su potpredsjednik Vlade i ministar hrvatskih branitelja Tomo Medved, predsjednik saborskog Odbora za ratne veterane Josip \u0110aki\u0107, saborski zastupnik Ante Deur, dr\u017eavni tajnik \u0160piro Janovi\u0107 i glavni tajnik Ivica Akmad\u017ea iz Ministarstva hrvatskih branitelja, ravnatelj Hrvatskog memorijalno-dokumentacijskog centra Domovinskog rata dr. Ante Nazor, sociolog Renato Mati\u0107, novinarka Romana Bile\u0161i\u0107 i primabalerina Almira Osmanovi\u0107 te predsjednice stradalni\u010dkih udruga iz Domovinskog rata Lucija Kober, Ljiljana Alvir i Sandra Rap\u010dak.<\/p>\n\n\n\n<p>12.lipnja u dnevnim novinama 24 sata objavljena je pri\u010da o stradavanju Kate Stani\u0107.<\/p>\n\n\n\n<p>12. lipnja emisiji Veterani mira razgovaralo se o odr\u017eanom Okruglom stolu pod nazivom Za\u0161to je va\u017ean Zakon o civilnim stradalnicima iz Domovinskog rata? Gosti emisije bili su sudionici i govornici sa Okruglog stola, Slavica Marinovi\u0107 iz Zajednice udruga hrvatskih civilnih stradalnika iz Domovinskog rata i prof.dr.sc. Renato Mati\u0107, sociolog.<\/p>\n\n\n\n<p>Zajednica udruga 20. lipnja 2021. uputila je otvoreno pismo odre\u0111enom politi\u010daru kao odgovor na njegov istup na N1 televiziji vezan uz Zakon o civilnim stradalnicima.<\/p>\n\n\n\n<p>30. lipnja upu\u0107eno je pismo saborskim zastupnicima uo\u010di drugog \u010ditanja prijedloga Zakona o civilnim stradalnicima iz Domovinskog rata.<\/p>\n\n\n\n<p>Predstavnici Zajednice u Hrvatskom saboru pratili su drugo \u010ditanje prijedloga Zakona o civilnim stradalnicima iz Domovinskog rata.<\/p>\n\n\n\n<p>10. srpnja u emisiji Veterani mira govorilo se o Zakonu o civilnim stradalnicima iz Domovinskog rata. Gosti emisije bili su glavni tajnik Ministarstva hrvatskih branitelja, Ivica Akmad\u017ea, predsjednica Zajednice udruga hrvatskih civilnih stradalnika iz Domovinskog rata, Julijana Rosandi\u0107 i predsjednica Udruge hrvatskih civilnih stradalnika iz Domovinskog rata Zadarske \u017eupanije, Ljubica Krci\u0107.<\/p>\n\n\n\n<p>19. lipnja 2021. odr\u017ean je 19. susret Sje\u0107anje na poginulu djecu u Domovinskom ratu \u201eMali kri\u017e-Velika \u017ertva\u201c u Slavonskom Brodu. Na sje\u0107anju su uz obitelji poginule djece i udruge civilnih stradalnika iz Domovinskog rata sudjelovali odavanjem po\u010dasti najnevinijim \u017ertvama Domovinskog rata izaslanik predsjednika Vlade, podpredsjednik Vlade i ministar hrvatskih branitelja Tomo Medved, predsjednik Republike Hrvatske Zoran Milanovi\u0107, izaslanik predsjednika Hrvatskog sabora Pero \u0106osi\u0107, \u017eupan Brodsko-posavske \u017eupanije Danijel Maru\u0161i\u0107, gradona\u010delnik Slavonskog Broda Mirko Duspara te braniteljsko-stradalni\u010dke udruge iz Domovinskog rata. U sklopu programa, u crkvi Presvetog Trojstva slu\u017eena je sveta misa nakon \u010dega je uslijedilo polaganje vijenaca ispred spomenika \u201ePrekinuto djetinjstvo\u201c. Tijekom Domovinskog rata poginulo je 402 djece, od kojih 28 u Slavonskom Brodu koji je po broju stradale djece u agresiji na Hrvatsku me\u0111u najpogo\u0111enijim hrvatskim gradovima.<\/p>\n\n\n\n<p>24. lipnja u Hotelu Sheraton sudjelovali smo na tribini u organizaciji Saveza udruga obitelji zato\u010denih i nestalih hrvatskih branitelja pod nazivom &#8220;Pravo nestalih na identitet, pravo obitelji na istinu&#8221;.<\/p>\n\n\n\n<p>30. kolovoza u Glini obilje\u017eili smo Me\u0111unarodni dan nestalih osoba. Na obilje\u017eavanju su sudjelovale obitelji nestalih u Domovinskom ratu iz svih udruga \u010dlanica Zajednice.<\/p>\n\n\n\n<p>7. i 8. rujna sudjelovali smo na II. Me\u0111unarodnoj konferenciji za obitelji nestalih osoba koja je odr\u017eana u Hotelu Academia u organizaciji Me\u0111unarodnog odbora Crvenog kri\u017ea i Hrvatskog Crvenog kri\u017ea<\/p>\n\n\n\n<p>11. i 12. rujna 2021. u Stubi\u010dkim toplicama sudjelovali smo na izobrazbi i tribini u organizaciji Udruge djece poginulih i nestalih hrvatskih branitelja. Tribina je bila na temu &#8220;Pandemija COVID-19 &#8211; utjecaj na branitelje i stradalnike Domovinskog rata&#8221; a edukacija na temu Svjesnost o vlastitim i tu\u017eim emocionalnim stanjima i njihova regulacija&#8221;, a predava\u010dica je bila Emina Simuni\u0107, dipl psiholog.<\/p>\n\n\n\n<p>21. listopada sudjelovali smo na obilje\u017eavanju 30.obljetnice stradavanja Ba\u0107ina.<\/p>\n\n\n\n<p>Od 25. do 27. listopada 2021. godine u Daruvaru su odr\u017eani Sportsko-rekreativni i kreativni susreti civilnih stradalnika iz Domovinskog rata u organizaciji Zajednice udruga hrvatskih civilnih stradalnika iz Domovinskog rata i potporu Ministarstva hrvatskih branitelja i uz podr\u0161ku doma\u0107ina Udruge civilnih stradalnika Domovinskog rata Bjelovarsko-bilogorske \u017eupanije odnosno njene predsjednice Danijele Ljutak Jurekovi\u0107.<\/p>\n\n\n\n<p>Otvaranje susreta odr\u017eano je 26. listopada u dvorani Gradskog kina Pu\u010dkog otvorenog u\u010dili\u0161ta u Daruvaru. Uz predsjednicu Zajednice udruga hrvatskih civilnih stradalnika Julijanu Rosandi\u0107, na otvaranju nazo\u010dnima su se obratili u ime Ministarstva hrvatskih branitelja, na\u010delnica Sektora za udruge iz Domovinskog rata Nevenka Beni\u0107, saborski zastupnik za \u010de\u0161ku i slova\u010dku nacionalnu manjinu i zamjenik gradona\u010delnika Daruvara, Vladimir Bilek i predsjednica Saveza udruga obitelji zato\u010denih i nestalih hrvatskih branitelja, Ljiljana Alvir. Aktualni sat bio je posve\u0107en novom Zakonu o civilnim stradalnicima iz Domovinskog rata. Uz sportsko-rekreativne i kreativne sadr\u017eaje sudionici susreta upoznali su se i sa znamenitostima grada Daruvara<\/p>\n\n\n\n<p>U listopadu emisija Provjereno prikazala je pri\u010du o roditeljima koji su u Domovinskom ratu izgubila djecu.<\/p>\n\n\n\n<p>U studenom smo obilje\u017eili obljetnice stradanja Vukovara i \u0160kabrnje.<\/p>\n\n\n\n<p>17. studenog ispred Nacionalne memorijalne bolnice Vukovar u Vukovaru Hrvatsko pedijatrijsko dru\u0161tvo Hrvatskog lije\u010dni\u010dkog zbora predvo\u0111eno predsjednicom prof.dr.sc Aidom Mujki\u0107, uz predstavnike Hrvatskog zavoda za javno zdravstvo i predsjednicu Zajednice udruga hrvatskih civilnih stradalnika iz Domovinskog rata Julijanu Rosandi\u0107, polo\u017eilo je vijenac za poginulu djecu u Domovinskom ratu. Polaganju su nazo\u010dili i zapalili svije\u0107e i predstavnici udruge Vukovarske majke i Saveza udruga obitelji zato\u010denih i nestalih hrvatskih branitelja.<\/p>\n\n\n\n<p>U \u0160kabrnji je u ime Zajednice udruga hrvatskih civilnih stradalnika iz Domovinskog rata vijenac polo\u017eila predsjednica Udruge civilnih stradalnika Domovinskog rata Zadarske \u017eupanije, Ljubica Krci\u0107.<\/p>\n\n\n\n<p>U studenom smo sudjelovali u emisiji Hrvatska za 5 na temu MAMA, NE VIDIM NEBO<\/p>\n\n\n\n<p>\u0160to za novi \u017eivot Vukovara, Slavonskog Broda i \u0160kabrnje zna\u010de \u017ertve djece i civila, pobijenih u velikosrpskoj agresiji na Hrvatsku? Go\u0161\u0107a emisije bila je predsjednica Udruge civilnih stradalnika Domovinskog rata Zadarske \u017eupanije, Ljubica Krci\u0107.<\/p>\n\n\n\n<p>20. studenog na Svjetski dan djece u Dubrovniku je po prvi put dodijeljeno godi\u0161nje priznanje &#8220;Imperijal&#8221; kao trajni spomen na poginulu djecu u Domovinskom ratu, civilne \u017ertve. Priznanje su utemeljile majke poginule djece i civilnih \u017ertava okupljene u Udrugu civilnih stradalnika Domovinskog rata Dubrova\u010dko-neretvanske \u017eupanije, u suradnji s Denisom Pavelom, dobitnikom dr\u017eavne nagrade za promicanje prava djeteta. Priznanje nosi naziv Imperijal prema tvr\u0111avi u kojoj se branio Dubrovnik kao simbolu stradanja ali i veli\u010danstvene pobjede i zajedni\u0161tva i hotelu ispred kojega je poginuo dje\u010dak Luka. Sve\u010danost dodjele priznanja uprili\u010dena je u kongresnoj dvorani hotela Hilton Imperial u Dubrovniku. Na sve\u010danosti su prisustvovali izaslanik Ministarstva branitelja, dr\u017eavni tajnik Darko Neki\u0107, Mato Frankovi\u0107, gradona\u010delnik grada Dubrovnika, Jelka Tep\u0161i\u0107, zamjenica gradona\u010delnika Dubrovnika, Marko Potrebica, predsjednik gradskog vije\u0107a grada Dubrovnika, pojedini gradski vije\u0107nici, predstavnici braniteljskih udruga i brojni drugi. &#8220;Nikolina, Miho, Andrea, Maro, Romano, Hrvoje, Maris, Katarina, Marija, Dolores, Vlaho, \u0110uro, \u0160imo, Luka, Ton\u0107i, Orsat \u2013 imena su djevoj\u010dica i dje\u010daka, mladih i nevinih \u010diji su \u017eivoti iznenada prekinuti prije 30 godina. Svi su oni imali svoje snove i nade. Imali su pravo na budu\u0107nost koja im je nasilno oduzeta od strane neprijateljske agresorske vojske.<\/p>\n\n\n\n<p>Zajednica udruga hrvatskih civilnih stradalnika iz Domovinskog rata Hrvatske 8. prosinca uputila je priop\u0107enje za javnost \u201e402 poginule djece u Domovinskom ratu \u2013 samo prigodan podatak za hrvatske politi\u010dare\u201c<\/p>\n\n\n\n<p>9. prosinca kao \u010dlanica 9.Centra znanja sudjelovali smo na konferenciji pod nazivom &#8220;30 godina u zajedni\u0161tvu&#8221; koja je odr\u017eana u Hotelu Academia u Zagrebu.<\/p>\n\n\n\n<p>10. prosinca 2021. u Novinarskom domu u Zagrebu odr\u017ean je simpozij &#8220;Gdje su na\u0161i najmiliji?&#8221; &#8220;Doprinos nacionalnih manjina u Republici Hrvatskoj&#8221; u organizaciji Saveza udruga obitelji zato\u010denih i nestalih hrvatskih branitelja i Kraljice Teuta Kluba albanskih \u017eena Hrvatske. Simpozij se odr\u017eao u okviru tradicionalne manifestacije &#8220;Dani kraljice Teute&#8221; te je sadr\u017eavao i umjetni\u010dke elemente a bili su prikazani i isje\u010dci iz dokumentarnih filmova vezanih uz Domovinski rat iz spota &#8220;Gdje su na\u0161i najmiliji&#8221;.<\/p>\n\n\n\n<p>Na otvaranju se prisutnima obratila predsjednica udruge &#8220;Kraljica Teuta&#8221; klub albanskih \u017eena Hrvatske Shenida Bilalli, redateljica spota &#8220;Gdje su na\u0161i najmiliji?&#8221; te mnogih filmova o Domovinskom ratu. Glavna tema bila je pitanje nestalih osoba u Domovinskom ratu i doprinosa nacionalnih manjina u obrani Republike Hrvatske o kojem su govorili predstavnici Ministarstva hrvatskih branitelja, dr\u017eavni tajnik Darko Neki\u0107 i ravnateljica Uprave za zato\u010dene i nestale Ivona Paltrinieri, izaslanica gradona\u010delnika Zagreba, Sonja Jasi\u0107 Kova\u010di\u0107, ravnatelj Memorijalno-dokumentacijskog centra Domovinskog rata, Ante Nazor, predstavnik Veleposlanstva SAD-a u Hrvatskoj, predstavnik Instituta za povijest, Ljiljana Alvir, predsjednica Saveza udruga obitelji zato\u010denih i nestalih hrvatskih branitelja, zamjenica \u0161efa programa Me\u0111unarodne komisije za nestale osobe (ICMP) za Zapadni Balkan, Samira Krehi\u0107 i predsjednica Udru\u017eenja &#8220;Pokret majki enklava Srebrenica i \u017depa&#8221;, Munira Suba\u0161i\u0107. Voditeljica programa bila je Lady Oreb. Ovom doga\u0111aju koji je organiziran povodom Me\u0111unarodnog dana ljudskih prava koji se obilje\u017eava 10.prosinca prisustvovali su predstavnici udruga iz Domovinskog rata, Saveza udruga obitelji zato\u010denih i nestalih hrvatskih branitelja i Zajednice udruga hrvatskih civilnih stradalnika iz Domovinskog rata i predstavnici Hrvatskog Crvenog kri\u017ea.<\/p>\n\n\n\n<p>16. prosinca 2021. odr\u017eali smo tribinu &#8220;Psihosocijalne posljedice corona virusa&#8221;. Predava\u010dica na tribini bila je prof.dr.sc. Gordana Kuterovac Jagodi\u0107 s Filozofskog fakulteta u Zagrebu. Razgovarali smo kakve osje\u0107aje i stanja je u nama uzrokovala pandemija i stvarna socijalna distanca. Koliko je porasla anksioznost u razlicitim zemljama te kako se nositi sa stresom, gdje ga najvi\u0161e osje\u0107amo i kako si poma\u017eemo. Tribinu smo zapo\u010deli rije\u010dima Marie Curie: &#8220;Ni\u010deg u \u017eivotu se ne treba bojati, samo se treba razumjeti. Sada je vrijeme da razumijemo vi\u0161e, tako da bi se bojali manje&#8221;.<\/p>\n\n\n\n<p>Tijekom 2021. odr\u017ean je i niz online sastanaka Regionalne koordinacije udruga obitelji nestalih osoba s podru\u010dja biv\u0161e Jugoslavije. Tako\u0111er i jedan sastanak u\u017eivo na kojem smo razgovarali i ispunili upitnik o ravnopravnosti spolova u Regionalnoj koordinaciji, sastanak je odr\u017ean s predstavnicama ICMP-a u Zagrebu.<\/p>\n\n\n\n<p>Odr\u017eana su tri sastanka Izvr\u0161nog odbora od \u010dega jedan telefonski. Tako\u0111er je u sklopu Sportsko-rekreativnih i kreativnih sastanaka odr\u017ean i Izvje\u0161tajni Sabor Zajednice udruga.<\/p>\n\n\n\n<p>Odr\u017ean je i niz sastanaka u Ministarstvu hrvatskih branitelja vezanih uz Zakon i uz rje\u0161avanje pitanja nestalih osoba.<\/p>\n\n\n\n<p>Izradili smo operativni i financijski plan rada za Zajednice udruga za 2022. godinu te smo izradili plan za nastavak financiranja Zajednice udruga od Nacionalne zaklade za razvoj civilnog dru\u0161tva kao \u010dlanice 9. Centra znanja za 2022. godinu koji je i odobren.<\/p>\n","protected":false},"excerpt":{"rendered":"<p>Po\u010detkom 2021. godine radili smo na izvje\u0161\u0107ima za prethodnu 2020. godinu za Ministarstvo hrvatskih branitelja i Nacionalnu zakladu za razvoj civilnog dru\u0161tva. Tako\u0111er smo se i prijavili na javni poziv za aktivnosti Ministarstva hrvatskih branitelja. Od po\u010detka godine pa sve do kona\u010dnog dono\u0161enja Zakona o civilnim stradalnicima iz Domovinskog rata u srpnju, radili smo na&#8230; <a class=\"more\" href=\"https:\/\/intendo-plus.com\/zuhcsd\/?p=2746\">Continue reading &rarr;<\/a><\/p>\n","protected":false},"author":1,"featured_media":2747,"comment_status":"closed","ping_status":"closed","sticky":false,"template":"","format":"standard","meta":{"ngg_post_thumbnail":0},"categories":[1],"tags":[52,90],"_links":{"self":[{"href":"https:\/\/intendo-plus.com\/zuhcsd\/index.php?rest_route=\/wp\/v2\/posts\/2746"}],"collection":[{"href":"https:\/\/intendo-plus.com\/zuhcsd\/index.php?rest_route=\/wp\/v2\/posts"}],"about":[{"href":"https:\/\/intendo-plus.com\/zuhcsd\/index.php?rest_route=\/wp\/v2\/types\/post"}],"author":[{"embeddable":true,"href":"https:\/\/intendo-plus.com\/zuhcsd\/index.php?rest_route=\/wp\/v2\/users\/1"}],"replies":[{"embeddable":true,"href":"https:\/\/intendo-plus.com\/zuhcsd\/index.php?rest_route=%2Fwp%2Fv2%2Fcomments&post=2746"}],"version-history":[{"count":3,"href":"https:\/\/intendo-plus.com\/zuhcsd\/index.php?rest_route=\/wp\/v2\/posts\/2746\/revisions"}],"predecessor-version":[{"id":2779,"href":"https:\/\/intendo-plus.com\/zuhcsd\/index.php?rest_route=\/wp\/v2\/posts\/2746\/revisions\/2779"}],"wp:featuredmedia":[{"embeddable":true,"href":"https:\/\/intendo-plus.com\/zuhcsd\/index.php?rest_route=\/wp\/v2\/media\/2747"}],"wp:attachment":[{"href":"https:\/\/intendo-plus.com\/zuhcsd\/index.php?rest_route=%2Fwp%2Fv2%2Fmedia&parent=2746"}],"wp:term":[{"taxonomy":"category","embeddable":true,"href":"https:\/\/intendo-plus.com\/zuhcsd\/index.php?rest_route=%2Fwp%2Fv2%2Fcategories&post=2746"},{"taxonomy":"post_tag","embeddable":true,"href":"https:\/\/intendo-plus.com\/zuhcsd\/index.php?rest_route=%2Fwp%2Fv2%2Ftags&post=2746"}],"curies":[{"name":"wp","href":"https:\/\/api.w.org\/{rel}","templated":true}]}}