{"id":2742,"date":"2021-07-01T10:18:13","date_gmt":"2021-07-01T10:18:13","guid":{"rendered":"http:\/\/intendo-plus.com\/zuhcsd\/?p=2742"},"modified":"2021-07-01T10:18:13","modified_gmt":"2021-07-01T10:18:13","slug":"zakon-o-civilnim-stradalnicima-iz-domovinskog-rata-drugo-citanje-u-hrvatskom-saboru","status":"publish","type":"post","link":"https:\/\/intendo-plus.com\/zuhcsd\/?p=2742","title":{"rendered":"Zakon o civilnim stradalnicima iz Domovinskog rata &#8211; drugo \u010ditanje u Hrvatskom saboru"},"content":{"rendered":"\n<p>30. lipnja 2021. predstavnici Zajednice udruga hrvatskih civilnih stradalnika iz Domovinskog rata prisustvovali su drugom \u010ditanju prijedloga Zakona o civilnim stradalnicima iz Domovinskog rata u Hrvatskom saboru. Tom prigodom saborskim zastupnicima uputili su i pismo u kojem isti\u010du va\u017enost dono\u0161enja zakona, postizanja konsenzusa u pitanjima pravednosti i pravde te ljudskih prava kao i va\u017enost pristojne i civilizirane rasprave.<\/p>\n\n\n\n<p>U zavr\u0161nom obra\u0107anju nakon saborske rasprave podpredsjednik Vlade RH i ministar hrvatskih branitelja Tomo Medved civilnim stradalnicima je poslao poruku sigurnosti i optimizma kako \u0107e zakon biti done\u0161en.<\/p>\n\n\n\n<p>Pismo saborskim zastupnicima u nastavku:<\/p>\n\n\n\n<p>Po\u0161tovani saborski zastupnici,<\/p>\n\n\n\n<p>Civilni stradalnici Domovinskog rata obra\u0107aju vam se s vjerom i nadom te punim povjerenjem da svi kao gra\u0111ani ove zemlje dijelimo iste vrijednosti, vrijednosti po\u0161tovanja ljudskog dostojanstva, jednakosti, pravednosti, kao i po\u0161tivanja i uva\u017eavanja ljudskih prava.<\/p>\n\n\n\n<p>Nacrt prijedloga zakona koji se nalazi pred vama, za vas je mo\u017eda samo jo\u0161 jedan u moru zakona koji \u0107ete pro\u010ditati, o kojem \u0107ete raspravljati i naposlijetku glasovati. Za civilne stradalnike Domovinskog rata ovaj zakon je posljednja i jedina \u0161ansa priznanja njihove istinske \u017ertve pred kojom su do sada svi ostajali slijepi, gluhi i nijemi.<\/p>\n\n\n\n<p>Za majke poginule djece, za obitelji poginulih i nestalih civila, za invalide ovaj je zakon iskaz po\u0161tovanja i pripadnosti na\u0161oj domovini, iskaz va\u017enosti njihove \u017ertve i doprinosa stvaranju slobodne i neovisne Republike Hrvatske u kakvoj danas \u017eivimo. Za njih je to sve, samo ne obi\u010dan papir koji \u0107e im pru\u017eiti odre\u0111ena prava, prava koja nisu blagodati jer bi jedina istinska blagodat bila vratiti im \u010dlanove njihovih obitelji i njihove dijelove tijela.<\/p>\n\n\n\n<p>Tko su uop\u0107e ti ljudi, njihove sudbine i \u017eivoti o kojima \u0107ete odlu\u010divati? Tko su i \u0161to istinski znate o njihovim problemima i te\u0161kim \u017eivotnim pri\u010dama prije nego \u0161to tako jednostavno, jednim potezom dignete ruku za ili protiv? Jeste li se ikada i koliko puta susreli s njima? Znate li ili samo pretpostavljate?<\/p>\n\n\n\n<p>Roditelji su to jednog, dvoje, troje poginule djece koje nijedan zakon ne mo\u017ee vratiti, ranjeni civili, civili ranjeni kao maloljetna djeca, obitelji poginulih i obitelji nestalih kao i zato\u010denici srpskih koncentracijskih logora. Ljudi su to koji su gledali najru\u017enije prizore rata, suo\u010deni sa smr\u0107u i jo\u0161 te\u017ee sa \u017eivotom nakon svih gubitaka, prepu\u0161teni sami sebi. Njihova borba nije prestala s ratom, nastavila se i vi\u0161e od 20 godina nakon.<\/p>\n\n\n\n<p>Borba je to koju nitko osim njih ne poznaje a neki \u010dak i osporavaju. U ovih 25 godina od zavr\u0161etka rata za civilne \u017ertve ni\u0161ta se nije promijenilo, vrijeme je stalo i kao da ne prolazi. Mnogi od vas na\u017ealost nikada nisu \u010duli nijednu od njihovih pri\u010da, nikada nisu polo\u017eili ni cvijet podno spomenika poginuloj djeci u Domovinskom ratu, nikada nisu upoznali te obitelji i tu se krije korijen nerazumijevanja i nepriznanja \u017ertve koju su podnijeli. Tu se krije i korijen svih onih neprimjerenih rije\u010di izre\u010denih u prvom \u010ditanju ovog prijedloga zakona.<\/p>\n\n\n\n<p>Raspravljaju\u0107i na prvom \u010ditanju ovog zakona na\u017ealost mnogi su od vas jo\u0161 jednom, u miru, ispalili metke ru\u017enih rije\u010di, ga\u0111aju\u0107i izravno, jo\u0161 jednom civilne stradalnike Domovinskog rata. Sada, kada se ovaj zakon ponovno nalazi pred vama, razmislite o \u010dinjenici da vas slu\u0161a majka koja je izgubila jedno ili vi\u0161e djece, razmislite da niste sami, stojite pred ljudima i zastupate one o kojima odlu\u010dujete. <\/p>\n\n\n\n<p>Razmislite istinski, sa ozbiljno\u0161\u0107u, da ne glasate za papir koji je pred vama ve\u0107 njime odre\u0111ujete sudbine i ljudske \u017eivote, svojom rukom priznajete ili gazite ne\u010dije pravo na dostojanstvo. I jo\u0161 vi\u0161e, razmislite da ste tu i u ime onih kojih danas vi\u0161e nema, i u ime njihovih obitelji, jer ova je dr\u017eava nastala na toj \u017ertvi i toj istoj \u017ertvi duguje.<\/p>\n\n\n\n<p>Bez obzira na svoju politi\u010dku i ideolo\u0161ku pripadnost, po\u0161tujte vrijednosti koje nemaju politi\u010dku pripadnost, po\u0161tujte dostojanstvo \u017ertve i\u00a0 kao istinski predstavnici svakog gra\u0111anina ove zemlje zadr\u017eite dostojanstvo u raspravi, ako ni\u0161ta drugo, onda barem za svako ono poginulo dijete, za svako prekinuto djetinjstvo, za svaki duboko o\u0161te\u0107eni ljudski \u017eivot. Molimo vas, ne dopustite da se sramimo va\u0161e rasprave, da se ponovno osje\u0107amo poga\u017eeni va\u0161im rije\u010dima. <\/p>\n\n\n\n<p>Vjerujemo da postoji u svakom od vas istinski osje\u0107aj za drugog \u010dovjeka, potreba za jedinstvom u pitanjima \u017ertava podnijetih da bismo danas \u017eivjeli u slobodi kakvu poznajemo, jer podsjetimo, da biste vi danas sjedili tu gdje jeste neki su morali podnijeti najte\u017ee \u017ertve. Da biste vi danas mogli dizati svoju ruku i glasovati, neki su izgubili svoje \u017eivote, \u010dlanove obitelji i dijelove tijela. <\/p>\n\n\n\n<p>Ti isti o kojima govorimo, jedino ako vi tako odlu\u010dite, tek danas, 25 godina nakon rata do\u017eivjet \u0107e pravdu, istinsko priznanje svoje \u017ertve, po\u0161tovanje i povratak ljudskog dostojanstva. Vjerujemo da svaki \u010dovjek u demokratskoj i slobodnoj dr\u017eavi zaslu\u017euje pravo na dostojanstvo i da u tome postoji istinski konsenzus vas kao predstavnika naroda, proiza\u0161lih iz naroda, jer jedino po\u0161tovanjem svakog \u010dovjeka mo\u017eemo biti i ostati pravedna zemlja u kojoj svaki njen gra\u0111anin vrijedi jednako.<\/p>\n\n\n\n<p>Molimo vas, odluku o istinskoj ljudskoj \u017ertvi i patnji, bez dosada\u0161njeg priznanja, donesite na temelju vlastite savjesti, svjesni da \u0107ete sa istom morati pogledati u o\u010di ne samo svakom civilnom stradalniku nego i samom sebi. Naposlijetku, istinski je va\u017eno biti predstavnik gra\u0111ana, ovdje i sada pridonijeti njihovom dobru a ne vlastitim politikama.<\/p>\n\n\n\n<p>\u00a0\u00a0\u00a0\u00a0\u00a0\u00a0\u00a0\u00a0\u00a0\u00a0\u00a0\u00a0\u00a0\u00a0\u00a0\u00a0\u00a0\u00a0\u00a0\u00a0\u00a0\u00a0\u00a0\u00a0\u00a0\u00a0\u00a0\u00a0\u00a0\u00a0\u00a0\u00a0\u00a0\u00a0\u00a0\u00a0\u00a0\u00a0\u00a0\u00a0\u00a0\u00a0\u00a0\u00a0\u00a0\u00a0\u00a0\u00a0\u00a0\u00a0\u00a0\u00a0\u00a0\u00a0\u00a0\u00a0\u00a0\u00a0\u00a0\u00a0\u00a0\u00a0\u00a0\u00a0\u00a0\u00a0\u00a0\u00a0\u00a0\u00a0\u00a0\u00a0\u00a0\u00a0\u00a0\u00a0\u00a0\u00a0\u00a0\u00a0\u00a0\u00a0\u00a0\u00a0\u00a0\u00a0\u00a0\u00a0\u00a0\u00a0\u00a0\u00a0\u00a0\u00a0\u00a0\u00a0\u00a0Za ZUHCSDR<\/p>\n\n\n\n<p>\u00a0\u00a0\u00a0\u00a0\u00a0\u00a0\u00a0\u00a0\u00a0\u00a0\u00a0\u00a0\u00a0\u00a0\u00a0\u00a0\u00a0\u00a0\u00a0\u00a0\u00a0\u00a0\u00a0\u00a0\u00a0\u00a0\u00a0\u00a0\u00a0\u00a0\u00a0\u00a0\u00a0\u00a0\u00a0\u00a0\u00a0\u00a0\u00a0\u00a0\u00a0\u00a0\u00a0\u00a0\u00a0\u00a0\u00a0\u00a0\u00a0\u00a0\u00a0\u00a0\u00a0\u00a0\u00a0\u00a0\u00a0\u00a0\u00a0\u00a0\u00a0\u00a0\u00a0\u00a0\u00a0\u00a0\u00a0\u00a0\u00a0\u00a0\u00a0\u00a0\u00a0\u00a0\u00a0\u00a0\u00a0\u00a0\u00a0\u00a0\u00a0\u00a0\u00a0\u00a0\u00a0\u00a0\u00a0\u00a0\u00a0\u00a0\u00a0\u00a0\u00a0\u00a0\u00a0\u00a0 Ivana Marinovi\u0107<\/p>\n\n\n\n<p><\/p>\n","protected":false},"excerpt":{"rendered":"<p>30. lipnja 2021. predstavnici Zajednice udruga hrvatskih civilnih stradalnika iz Domovinskog rata prisustvovali su drugom \u010ditanju prijedloga Zakona o civilnim stradalnicima iz Domovinskog rata u Hrvatskom saboru. Tom prigodom saborskim zastupnicima uputili su i pismo u kojem isti\u010du va\u017enost dono\u0161enja zakona, postizanja konsenzusa u pitanjima pravednosti i pravde te ljudskih prava kao i va\u017enost pristojne&#8230; <a class=\"more\" href=\"https:\/\/intendo-plus.com\/zuhcsd\/?p=2742\">Continue reading &rarr;<\/a><\/p>\n","protected":false},"author":1,"featured_media":2743,"comment_status":"closed","ping_status":"closed","sticky":false,"template":"","format":"standard","meta":{"ngg_post_thumbnail":0},"categories":[1],"tags":[89,88,87],"_links":{"self":[{"href":"https:\/\/intendo-plus.com\/zuhcsd\/index.php?rest_route=\/wp\/v2\/posts\/2742"}],"collection":[{"href":"https:\/\/intendo-plus.com\/zuhcsd\/index.php?rest_route=\/wp\/v2\/posts"}],"about":[{"href":"https:\/\/intendo-plus.com\/zuhcsd\/index.php?rest_route=\/wp\/v2\/types\/post"}],"author":[{"embeddable":true,"href":"https:\/\/intendo-plus.com\/zuhcsd\/index.php?rest_route=\/wp\/v2\/users\/1"}],"replies":[{"embeddable":true,"href":"https:\/\/intendo-plus.com\/zuhcsd\/index.php?rest_route=%2Fwp%2Fv2%2Fcomments&post=2742"}],"version-history":[{"count":1,"href":"https:\/\/intendo-plus.com\/zuhcsd\/index.php?rest_route=\/wp\/v2\/posts\/2742\/revisions"}],"predecessor-version":[{"id":2744,"href":"https:\/\/intendo-plus.com\/zuhcsd\/index.php?rest_route=\/wp\/v2\/posts\/2742\/revisions\/2744"}],"wp:featuredmedia":[{"embeddable":true,"href":"https:\/\/intendo-plus.com\/zuhcsd\/index.php?rest_route=\/wp\/v2\/media\/2743"}],"wp:attachment":[{"href":"https:\/\/intendo-plus.com\/zuhcsd\/index.php?rest_route=%2Fwp%2Fv2%2Fmedia&parent=2742"}],"wp:term":[{"taxonomy":"category","embeddable":true,"href":"https:\/\/intendo-plus.com\/zuhcsd\/index.php?rest_route=%2Fwp%2Fv2%2Fcategories&post=2742"},{"taxonomy":"post_tag","embeddable":true,"href":"https:\/\/intendo-plus.com\/zuhcsd\/index.php?rest_route=%2Fwp%2Fv2%2Ftags&post=2742"}],"curies":[{"name":"wp","href":"https:\/\/api.w.org\/{rel}","templated":true}]}}