{"id":2711,"date":"2021-06-08T12:43:06","date_gmt":"2021-06-08T12:43:06","guid":{"rendered":"http:\/\/intendo-plus.com\/zuhcsd\/?p=2711"},"modified":"2021-06-08T16:47:11","modified_gmt":"2021-06-08T16:47:11","slug":"zasto-je-vazan-zakon-o-civilnim-stradalnicima-iz-domovinskog-rata","status":"publish","type":"post","link":"https:\/\/intendo-plus.com\/zuhcsd\/?p=2711","title":{"rendered":"Za\u0161to je va\u017ean Zakon o civilnim stradalnicima iz Domovinskog rata?"},"content":{"rendered":"\n<p>Priop\u0107enje <\/p>\n\n\n\n<p><strong>Za\u0161to je va\u017ean Zakon o civilnim stradalnicima iz Domovinskog rata?<\/strong><strong><\/strong><\/p>\n\n\n\n<p><strong>\u201eTo je dug dr\u017eave i dru\u0161tva prema nevinim \u017ertvama Domovinskog rata, odgovor na potrebu i obavezu rje\u0161avanja jo\u0161 uvijek nerije\u0161enih pitanja iz Domovinskog rata, kao i zadovoljavanja pravde prema svima \u010diji su \u017eivoti ugra\u0111eni u temelje suverene i neovisne Hrvatske,\u201c zaklju\u010dio je ministar Medved<\/strong><strong><\/strong><\/p>\n\n\n\n<p>Uo\u010di dono\u0161enja Zakona o civilnim stradalnicima iz Domovinskog rata, u Zagrebu je 8. lipnja 2021. odr\u017ean Okrugli stol u organizaciji Zajednice udruga hrvatskih civilnih stradalnika iz Domovinskog rata Hrvatske pod nazivom <em>Za\u0161to je va\u017ean Zakon o civilnim stradalnicima iz Domovinskog rata?<\/em>, kojim se jo\u0161 jednom \u017eeljelo ukazati na nu\u017enost i va\u017enost dono\u0161enja tog jedinstvenog normativnog akta.<\/p>\n\n\n\n<p>Uz predstavnike Zajednice na \u010delu s predsjednicom Julijanom Rosandi\u0107, sudjelovali su potpredsjednik Vlade i ministar hrvatskih branitelja Tomo Medved, predsjednik saborskog Odbora za ratne veterane Josip \u0110aki\u0107, saborski zastupnik Ante Deur, dr\u017eavni tajnik \u0160piro Janovi\u0107 i glavni tajnik Ivica Akmad\u017ea iz Ministarstva hrvatskih branitelja, ravnatelj Hrvatskog memorijalno-dokumentacijskog centra Domovinskog rata Ante Nazor, sociolog Renato Mati\u0107, novinarka Romana Bile\u0161i\u0107 i primabalerina Almira Osmanovi\u0107 te predsjednice stradalni\u010dkih udruga iz Domovinskog rata Lucija Kober, Ljiljana Alvir i Sandra Rap\u010dak.<\/p>\n\n\n\n<p>\u201eSvaki rat, pa tako i Domovinski, donio je strahote koje ni danas ne mo\u017eemo sagledati. Nije bilo oru\u017eja za sve, a nisu svi ni mogli nositi pu\u0161ke,\u201c kazala je predsjednica Zajednice <strong>Julijana Rosandi\u0107<\/strong> u uvodnom izlaganju, podsjetiv\u0161i kako su u to vrijeme civili slu\u017eili za odmazdu i do\u017eivljavali u\u017easne tragedije. No unato\u010d golemim stradanjima, svih protkelih godina ta \u017ertva nije adekvatno vrednovana.<\/p>\n\n\n\n<p>\u201eZakon ne priznaje ubijeno, ranjeno dijete, ni dijete koje je ostalo bez jednog ili oba roditelja, nestale civile, niti obitelji koje su izgubile \u010dlanove svoje obitelji. Vlasti nisu \u017eeljele sagledati karakter Domovinskog rata, nego su ignoriraju\u0107i civilne \u017ertve rata \u010dinili jo\u0161 ve\u0107e nepravdu, omalova\u017eavaju\u0107i i guraju\u0107i na\u0161e probleme dalje od sebe kao da smo sami krivi za tragedije,\u201c ukazala je na nepravdu koju su civilni stradalnici trpjeli u protkelih 25 godina od zavr\u0161etka Domovinskog rata.<\/p>\n\n\n\n<p>Istaknula je kako je do promjene do\u0161lo kada je na \u010delo resornog ministarstva imenovan ministar Tomo Medved, koji je imao sluha i empatije za njihove tragedije. \u201eSuo\u010den s opstrukcijom pojedinaca, imao je hrabrosti realizirati obe\u0107anje,\u201c zaklju\u010dila je Rosandi\u0107, izraziv\u0161i nadu da \u0107e se uskoro donijeti zakon koji \u0107e civilnim \u017ertvama Domovinskog rata osigurati prava koja im pripadaju i vratiti dostojanstvo koje zaslu\u017euju.<\/p>\n\n\n\n<p>Ministar <strong>Tomo Medved<\/strong> zahvalio je Zajednici udruga hrvatskih civilnih stradalnika iz Domovinskog rata Hrvatske na anga\u017emanu i suradnji, isti\u010du\u0107i nu\u017enost dono\u0161enja jedinstvenog zakona kojim bi civilnih stradalnici bili primjereno obe\u0161te\u0107eni, a njihova \u017ertva dostojno vrednovana.<\/p>\n\n\n\n<p>\u201eZnamo da ni\u0161ta ne mo\u017ee nadoknaditi gubitak \u017eivota pa ni dijela tijela, no vjerujem kako \u0107emo ovim zakonom ispraviti odre\u0111ene nepravde u odnosu na civilne stradalnike,\u201c kazao je, isti\u010du\u0107i kako je zakon pripreman u partnerstvu i suradnji s udrugama civilnih stradalnika kako bi novo normativno ure\u0111enje bilo prilago\u0111eno njihovim potrebama.<\/p>\n\n\n\n<p>\u201eKako bismo zaokru\u017eili normativni segment rje\u0161avanja problema braniteljsko-stradalni\u010dke populacije, preostalo nam je ure\u0111enje pravnog okvira za civilne stradalnike. Budu\u0107i da i nakon 25 godina od zavr\u0161etka Domovinskog rata nije postojao adekvatni pravni okvir za civilne stradalnike, bilo je potrebno donijeti jedinstveni zakon kojim \u0107e na jednom mjestu biti regulirana njihova prava,\u201c istaknuo je ministar Medved, poru\u010div\u0161i: \u201ePravnu sigurnost koju smo pru\u017eili hrvatskim braniteljima dono\u0161enjem novog Zakona o hrvatskim braniteljima iz Domovinskog rata i \u010dlanovima njihovih obitelji, kao i obiteljima osoba nestalih u Domovinskom ratu, pru\u017eit \u0107emo i civilnim stradalnicima.\u201c<\/p>\n\n\n\n<p>I ovom prilikom istaknuo je kako pripadnici, pomaga\u010di ili suradnici neprijateljskih vojnih i paravojnih postrojbi koji su sudjelovali u oru\u017eanoj agresiji na Republiku Hrvatsku, kao ni \u010dlanovi njihovih obitelji temeljem njihova stradavanja, ne mogu ostvariti statuse i prava iz ovoga Zakona. To nije mogu\u0107e niti prema va\u017ee\u0107em zakonu, a novim je prijedlogom jo\u0161 jasnije propisanom, pojasnio je, dodav\u0161i kako su se i sami civilni stradalnici Domovinskog rata na samom po\u010detku izrade ovog Zakona jasno izjasnili kako nikada ne bi sudjelovali u izradi niti bi podr\u017eali zakon koji bi omogu\u0107io ostvarivanje prava onima koju su izvr\u0161ili agresiju na Hrvatsku.<\/p>\n\n\n\n<p>\u201eI dok se neki pitaju za\u0161to ba\u0161 sada donosimo Zakon o civilnim stradalnicima iz Domovinskog rata, civilni stradalnici se pitaju \u2013 za\u0161to tek sada. A na pitanje za\u0161to je va\u017ean taj Zakon, mi odgovaramo: to je dug dr\u017eave i dru\u0161tva prema nevinim \u017ertvama Domovinskog rata, odgovor na potrebu i obavezu rje\u0161avanja jo\u0161 uvijek nerije\u0161enih pitanja iz Domovinskog rata, kao i zadovoljavanja pravde prema svima \u010diji su \u017eivoti ugra\u0111eni u temelje suverene i neovisne Hrvatske,\u201c zaklju\u010dio je ministar Medved.<\/p>\n\n\n\n<p>Predsjednik saborskog Odbora za ratne veterane <strong>Josip \u0110aki\u0107 <\/strong>iznio je dijelove izvje\u0161\u0107a Odbora sa zaklju\u010dkom da se prihva\u0107a prijedlog zakona, napomenuv\u0161i kako je i me\u0111u \u010dlanovima Odbora bilo negodovanja i odre\u0111enih sumnji u odredbe zakona. \u201eNe razumijem za\u0161to se iz svakog pozitivnog koraka poku\u0161ava izvesti ne\u0161to negativno,\u201c zapitao se te je tako\u0111er ponovio kako je u vi\u0161e navrata jasno isticano tko ne mo\u017ee ostvariti prava temeljem tog zakona.<\/p>\n\n\n\n<p>U prvom panelu o pravnom aspektu govorio je glavni tajnik Ministarstva hrvatskih branitelja <strong>Ivica Akmad\u017ea<\/strong>, koji je ukratko predstavio najva\u017enije novosti i prednosti ovog zakona za civilne stradalnike iz Domovinskog rata. \u201eNovim normativnim ure\u0111enjem omogu\u0107it \u0107e se ostvarivanje statusa i prava civilnim stradalnicima iz Domovinskog prava koji to nisu mogli po va\u017ee\u0107em Zakonu o za\u0161titi vojnih i civilnih invalida rata te prilagoditi postoje\u0107a prava potrebama ove kategorije stradalnika,\u201c zaklju\u010dio je Akmad\u017ea, dodav\u0161i kako se o\u010dekuje oko 2500 novih korisnika prava u punoj primjeni zakona za \u010diju su provedbu osigurana sredstva.<\/p>\n\n\n\n<p>O sociolo\u0161kom odnosno dru\u0161tvenom aspektu razumijevanja, priznanja i legitimacije iskustva civilnih stradalnika Domovinskog rata izlagao je sociolog prof. dr. sc. <strong>Renato Mati\u0107<\/strong>, koji je ujedno hrvatski branitelj.<\/p>\n\n\n\n<p>\u201cTreba krenuti od \u010dinjenice da je potreba za samoaktualizacijom i priznanjem visoko na ljestvici osnovnih ljudskih potreba. Samopo\u0161tovanje, naravno, ne ovisi potpuno o drugima, ali ga priznanje od strane dru\u0161tva bitno ja\u010da i stabilizira. Priznati svakome tko je pretrpio neko iskustvo, posebno ono te\u0161ko, tragi\u010dno ili nepopravljivo iskustvo, za koje nije kriv, jedna je osnova izgradnje budu\u0107nosti svakog dru\u0161tva,\u201d kazao je, dodav\u0161i da, kada je rije\u010d o zajedni\u010dkom iskustvu otporu agresiji na putu prema slobodi i demokraciji, nikada se ne mo\u017ee govoriti o monopolu jedne dru\u0161tvene skupine na ra\u010dun bilo koje druge ili dru\u0161tva u cjelini.<\/p>\n\n\n\n<p>\u201cPostupiti ispravno i humano, tj. priznati \u010dinjenicu da je rat ne samo zaustavio normalan \u017eivot, ve\u0107 i zauvijek promjenio svaku osobu koja je njime zahva\u0107ena te pritom donio mnoge nepopravljive posljedice, omogu\u0107uje da se realno procijene nove startne pozicije i krene dalje,\u201d istaknuo je Mati\u0107, zaklju\u010div\u0161i: \u201cBez tog priznanja ne trpi samo jedna dru\u0161vena skupina, u ovom slu\u010daju civilni stradalnici Domovinskog rata, ve\u0107 se ukupno dru\u0161tvo osim stigme nepravednosti, zna\u010dajno usporava u izgradnji demokratskih dru\u0161tvenih odnosa i vlastite budu\u0107nosti.\u201d<\/p>\n\n\n\n<p>Dr\u017eavni tajnik u Ministarstvu hrvatskih branitelja dr. sc. <strong>\u0160piro Janovi\u0107<\/strong> kazao je kako je, unato\u010d modernim humanitarnim zakonima prema kojima bi civilno stanovni\u0161tvo trebalo bi biti za\u0161ti\u0107eno od opasnosti koje proizlaze iz vojnih operacija, tijekom Domovinskog rata veliki je broj civila ubijen, ranjen, tretiran bez dostojanstva, nelegalno pritvaran i odvojen od obitelji.<\/p>\n\n\n\n<p>\u201eCivili su bili namjerno napadani, prisiljeni napustiti domove i li\u0161eni svojih osnovnih ljudskih prava. U nekim slu\u010dajevima civili i zarobljenici kori\u0161teni su kao \u017eivi \u0161tit za za\u0161titu vojnih ciljeva od napada. Osim trauma tijekom ratnih djelovanja ili neposrednih trenutaka progonstva, \u010desti su i problemi tijekom vremena progonstva te suo\u010denja s brojnim preprekama za povratak ku\u0107i. U tom periodu mnogi su do\u017eivjeli i ranjavanja i ozlje\u0111ivanja,\u201c podsjetio je na ratne strahote, zaklju\u010div\u0161i kako sve \u017ertve rata neovisno o njihovom statusu trebaju o\u010dekivati \u200b\u200bodgovaraju\u0107u skrb, brigu i po\u0161tovanje.<\/p>\n\n\n\n<p>\u201eRazli\u010dit tretman civilnih \u017ertava i branitelja pridonosi percepciji&nbsp; nedostatka pravde za civilne \u017ertve i njihovim osje\u0107ajima napu\u0161tanja od strane dr\u017eave i \u0161ireg dru\u0161tva, ali i la\u017enom dojmu povla\u0161tenosti branitelja kao jedne od najvulnerabilnijih skupina u dru\u0161tvu,\u201c istaknuo je Janovi\u0107, poru\u010div\u0161i kako prava civila ostaju nesigurna ako ne postoji odgovaraju\u0107i zakonski mehanizam.<\/p>\n\n\n\n<p>Drugi panel otvorio je dr. sc. <strong>Ante Nazor<\/strong>, koji je u svom izlaganju govorio o metodologiji i dosada\u0161njim rezultatima istra\u017eivanja o smrtno stradalim osobama u Domovinskim ratom koje ima Hrvatski memorijalno-dokumentacijski centar iz Domovinskog rata, s te\u017ei\u0161tem na civilnim \u017ertvama i popisom smrtno stradale djece, istaknuv\u0161i kako je upravo smrt djeteta najgora sudbina koja mo\u017ee zadesiti roditelja.<\/p>\n\n\n\n<p>Novinarka 24sata <strong>Romana Bile\u0161i\u0107<\/strong>, koja ve\u0107 dugi niz godina pi\u0161e o osobama nestalim u Domovinskom ratu, iznijela je nekoliko potresnih pri\u010da u nizu brojnih koje je \u010dula i zabilje\u017eila tijekom svoje karijere.<\/p>\n\n\n\n<p>\u201cMediji su ti koji kreiraju javno mijenje. Uloga medija je iznimno va\u017ena u senzibiliziranju javnosti. Niti jedan zakon, uredba ili propis ne mo\u017ee doprijeti do javnosti toliko koliko mo\u017ee ljudska rije\u010d. A mediji su kanal da ta rije\u010d do\u0111e do \u0161to ve\u0107eg broja ljudi. Da ih upozna s problemom iz prve ruke, kroz iskustvo, kroz \u017eivu rije\u010d majke koja ve\u0107 30 godina tra\u017ei svoje dijete, ispovijest sestre koja tra\u017ei brata,\u201distaknula je, poru\u010div\u0161i kako civilni stradalnici trebaju i zaslu\u017euju dobiti satisfakciju kroz pravo i pravdu koje im osigurava novi Zakon.<\/p>\n\n\n\n<p>Primabalerina <strong>Almira Osmanovi\u0107<\/strong>, koja je ranjena tijekom granatiranja Zagreba po\u010detkom svibnja 1995., prisjetila se toga vremena kada je bila i ravnateljica Baleta Hrvatskog narodnog kazali\u0161ta. \u201cPrisje\u0107am se jednog velikog srca u koje smo svi bili utkani, no danas se to jedinstvo koje smo imali u Domovinskom ratu nekako izgubilo, zbog \u010dega mi je neizmjerno \u017eao,\u201d kazala je, istaknuv\u0161i \u017ertve i stradavanja kao najte\u017eu posljedicu rata i apelirala da se to nikada ne zaboravi.<\/p>\n\n\n\n<p>Iznose\u0107i osobno svjedo\u010danstvo iz perpektive stradalnika, ujedno je ukazala na kulturocid koji je Hrvatska tako\u0111er pretrpjela, a na stradanje civila osvrnula se i kao \u010dlanica Hrvatskog helsin\u0161kog odbora. \u201cMnogi su poginuli i umrli i nikada ne\u0107e do\u017eivjeti obe\u0161te\u0107enje, ali ho\u0107e barem dio civilnih stradalnika, i to ne samo kao moralnu satisfakciju,\u201d istaknula je, izraziv\u0161i nadu da \u0107e svi koji o tome odlu\u010duju posti\u0107i konsenzus, kao i uvjerenje da \u0107e ministar Medved taj zakon \u201cizgurati do kraja\u201d.<\/p>\n\n\n\n<p>U tre\u0107em panelu iz pozicije stradalnika govorila je i tajnica Zajednice <strong>Slavica Marinovi\u0107<\/strong>, \u010diji se suprug jo\u0161 uvijek vodi kao nestao. Istaknula je va\u017enost dono\u0161enja zakona i s aspekta pravde i pravednosti, kao i po\u0161tivanja ljudskih prava i dostojanstva civilnih \u017ertava. \u201cVa\u017eno je istaknuti da \u0107e se ovim zakonom regulirati prava civilnih stradalnika koja \u0107e olak\u0161ati \u017eivotne potrebe i pru\u017eiti potrebnu skrb kroz institucije dr\u017eave,\u201d kazala je, zaklju\u010div\u0161i kako je to va\u017eno i zbog budu\u0107ih nara\u0161taja, kako bi se sve \u017ertve pravedno vrednovale i nikada ne zaboravile.<\/p>\n\n\n\n<p>Potporu civilnim stradalnicima iz Domovinskog rata dale su i predstavnice stradalni\u010dkih udruga iz Domovinskog rata. Govore\u0107i o civilnim stradalnicima, predsjednica Zajednice udruga roditelja poginulih hrvatskih branitelja <strong>Lucija Kober<\/strong> je istaknula kako je iza njih vi\u0161egodi\u0161nja borba da doka\u017eu svoj status stradalnika i \u017ertve te da je upravo to ono \u0161to ih povezuje \u2013 stradanje i \u017ertva. \u201eI zato sam danas ovdje, i svi mi, kako bismo jo\u0161 jednom digli svoj glas, ovaj put za civilne stradalnike i \u017ertve Domovinskog rata koji ve\u0107 30 godina \u010dekaju da njihovo stradanje i \u017ertva bude vrednovana pravedno i dostojanstveno, onako kako to stradalnici i \u017ertve i zaslu\u017euju. Dragi na\u0161i prijatelji, s vama smo i uz vas kao i sve ove godine,\u201c poru\u010dila je civilnim stradalnicima.<\/p>\n\n\n\n<p>Predsjednica Saveza udruga obitelji zato\u010denih i nestalih hrvatskih branitelja<strong> Ljiljana Alvir<\/strong> istaknula je kako su oko ovog zakona najglasniji njegovi protivnici, a njih je malo, dok je mnogo onih koji ga \u0161utke podr\u017eavaju. Uz \u0161utnju ve\u0107ine, istaknula je i licemjerstvo onih koji se na civilne stradalnike pozivaju samo onda kada to njima odgovara. Posebno je, kao i svi sudionici okruglog stola, istaknula ulogu ministra Medveda koji je, dodala je, bio hrabar kada je to trebalo u Domovinskom ratu, a hrabar je i danas kada treba stati u obranu civilnih stradalnika iz Domovinskog rata.<\/p>\n\n\n\n<p>\u201eNemojte nas odvajati! Bez obzira tko od nas imao kakav status, mi smo jednaki,\u201c poru\u010dila je predsjednica Udruge djece poginulih i nestalih hrvatskih branitelja iz Domovinskog rata<strong> Sandra Rap\u010dak<\/strong>, zaklju\u010div\u0161i kako hrvatski civilni stradalnici iz Domovinskog rata zaslu\u017euju prava i priznanje jer njihova je uloga u Domovinskom ratu i stvaranju slobodne i neovisne Hrvatske tako\u0111er va\u017ena.<\/p>\n\n\n\n<p>Na kraju su izneseni <strong>zaklju\u010dci Okruglog stola<\/strong> u kojima je ponovno istaknuta pravednost i nu\u017enost dono\u0161enja Zakona o civilnim stradalnicima iz Domovinskog rata te neopravdanost i neutemeljenost teze da \u0107e agresorima biti omogu\u0107eno ostvarivanje statusa civilnog stradalnika, kao i potpora stradalni\u010dkih udruga u tom procesu te va\u017enost uloge medija i medijskog izvje\u0161tavanja u dodatnom informiranju i senzibiliziranju javnosti.<\/p>\n\n\n\n<figure class=\"wp-block-image size-large\"><img decoding=\"async\" loading=\"lazy\" width=\"400\" height=\"267\" src=\"https:\/\/intendo-plus.com\/zuhcsd\/wp-content\/uploads\/2021\/06\/IMG_6850-400x267-1.jpg\" alt=\"\" class=\"wp-image-2714\" srcset=\"https:\/\/intendo-plus.com\/zuhcsd\/wp-content\/uploads\/2021\/06\/IMG_6850-400x267-1.jpg 400w, https:\/\/intendo-plus.com\/zuhcsd\/wp-content\/uploads\/2021\/06\/IMG_6850-400x267-1-320x214.jpg 320w\" sizes=\"(max-width: 400px) 100vw, 400px\" \/><\/figure>\n\n\n\n<figure class=\"wp-block-image size-large\"><img decoding=\"async\" loading=\"lazy\" width=\"200\" height=\"133\" src=\"https:\/\/intendo-plus.com\/zuhcsd\/wp-content\/uploads\/2021\/06\/IMG_6853-200x133-1.jpg\" alt=\"\" class=\"wp-image-2715\"\/><\/figure>\n\n\n\n<figure class=\"wp-block-image size-large\"><img decoding=\"async\" loading=\"lazy\" width=\"200\" height=\"133\" src=\"https:\/\/intendo-plus.com\/zuhcsd\/wp-content\/uploads\/2021\/06\/IMG_6848-200x133-1.jpg\" alt=\"\" class=\"wp-image-2716\"\/><\/figure>\n\n\n\n<figure class=\"wp-block-image size-large\"><img decoding=\"async\" loading=\"lazy\" width=\"400\" height=\"267\" src=\"https:\/\/intendo-plus.com\/zuhcsd\/wp-content\/uploads\/2021\/06\/IMG_6865-400x267-1.jpg\" alt=\"\" class=\"wp-image-2717\" srcset=\"https:\/\/intendo-plus.com\/zuhcsd\/wp-content\/uploads\/2021\/06\/IMG_6865-400x267-1.jpg 400w, https:\/\/intendo-plus.com\/zuhcsd\/wp-content\/uploads\/2021\/06\/IMG_6865-400x267-1-320x214.jpg 320w\" sizes=\"(max-width: 400px) 100vw, 400px\" \/><\/figure>\n\n\n\n<figure class=\"wp-block-image size-large\"><img decoding=\"async\" loading=\"lazy\" width=\"400\" height=\"267\" src=\"https:\/\/intendo-plus.com\/zuhcsd\/wp-content\/uploads\/2021\/06\/IMG_6874-400x267-1.jpg\" alt=\"\" class=\"wp-image-2718\" srcset=\"https:\/\/intendo-plus.com\/zuhcsd\/wp-content\/uploads\/2021\/06\/IMG_6874-400x267-1.jpg 400w, https:\/\/intendo-plus.com\/zuhcsd\/wp-content\/uploads\/2021\/06\/IMG_6874-400x267-1-320x214.jpg 320w\" sizes=\"(max-width: 400px) 100vw, 400px\" \/><\/figure>\n\n\n\n<figure class=\"wp-block-image size-large\"><img decoding=\"async\" loading=\"lazy\" width=\"400\" height=\"267\" src=\"https:\/\/intendo-plus.com\/zuhcsd\/wp-content\/uploads\/2021\/06\/IMG_6923-400x267-1.jpg\" alt=\"\" class=\"wp-image-2719\" srcset=\"https:\/\/intendo-plus.com\/zuhcsd\/wp-content\/uploads\/2021\/06\/IMG_6923-400x267-1.jpg 400w, https:\/\/intendo-plus.com\/zuhcsd\/wp-content\/uploads\/2021\/06\/IMG_6923-400x267-1-320x214.jpg 320w\" sizes=\"(max-width: 400px) 100vw, 400px\" \/><\/figure>\n\n\n\n<figure class=\"wp-block-image size-large\"><img decoding=\"async\" loading=\"lazy\" width=\"400\" height=\"267\" src=\"https:\/\/intendo-plus.com\/zuhcsd\/wp-content\/uploads\/2021\/06\/IMG_6958-400x267-1.jpg\" alt=\"\" class=\"wp-image-2720\" srcset=\"https:\/\/intendo-plus.com\/zuhcsd\/wp-content\/uploads\/2021\/06\/IMG_6958-400x267-1.jpg 400w, https:\/\/intendo-plus.com\/zuhcsd\/wp-content\/uploads\/2021\/06\/IMG_6958-400x267-1-320x214.jpg 320w\" sizes=\"(max-width: 400px) 100vw, 400px\" \/><\/figure>\n\n\n\n<figure class=\"wp-block-image size-large\"><img decoding=\"async\" loading=\"lazy\" width=\"400\" height=\"267\" src=\"https:\/\/intendo-plus.com\/zuhcsd\/wp-content\/uploads\/2021\/06\/IMG_6905-400x267-1.jpg\" alt=\"\" class=\"wp-image-2721\" srcset=\"https:\/\/intendo-plus.com\/zuhcsd\/wp-content\/uploads\/2021\/06\/IMG_6905-400x267-1.jpg 400w, https:\/\/intendo-plus.com\/zuhcsd\/wp-content\/uploads\/2021\/06\/IMG_6905-400x267-1-320x214.jpg 320w\" sizes=\"(max-width: 400px) 100vw, 400px\" \/><\/figure>\n\n\n\n<figure class=\"wp-block-image size-large\"><img decoding=\"async\" loading=\"lazy\" width=\"200\" height=\"133\" src=\"https:\/\/intendo-plus.com\/zuhcsd\/wp-content\/uploads\/2021\/06\/IMG_6925-200x133-1.jpg\" alt=\"\" class=\"wp-image-2722\"\/><\/figure>\n\n\n\n<figure class=\"wp-block-image size-large\"><img decoding=\"async\" loading=\"lazy\" width=\"400\" height=\"267\" src=\"https:\/\/intendo-plus.com\/zuhcsd\/wp-content\/uploads\/2021\/06\/IMG_6828-400x267-1.jpg\" alt=\"\" class=\"wp-image-2723\" srcset=\"https:\/\/intendo-plus.com\/zuhcsd\/wp-content\/uploads\/2021\/06\/IMG_6828-400x267-1.jpg 400w, https:\/\/intendo-plus.com\/zuhcsd\/wp-content\/uploads\/2021\/06\/IMG_6828-400x267-1-320x214.jpg 320w\" sizes=\"(max-width: 400px) 100vw, 400px\" \/><\/figure>\n","protected":false},"excerpt":{"rendered":"<p>Priop\u0107enje Za\u0161to je va\u017ean Zakon o civilnim stradalnicima iz Domovinskog rata? \u201eTo je dug dr\u017eave i dru\u0161tva prema nevinim \u017ertvama Domovinskog rata, odgovor na potrebu i obavezu rje\u0161avanja jo\u0161 uvijek nerije\u0161enih pitanja iz Domovinskog rata, kao i zadovoljavanja pravde prema svima \u010diji su \u017eivoti ugra\u0111eni u temelje suverene i neovisne Hrvatske,\u201c zaklju\u010dio je ministar Medved&#8230; <a class=\"more\" href=\"https:\/\/intendo-plus.com\/zuhcsd\/?p=2711\">Continue reading &rarr;<\/a><\/p>\n","protected":false},"author":1,"featured_media":2713,"comment_status":"closed","ping_status":"closed","sticky":false,"template":"","format":"standard","meta":{"ngg_post_thumbnail":0},"categories":[1],"tags":[],"_links":{"self":[{"href":"https:\/\/intendo-plus.com\/zuhcsd\/index.php?rest_route=\/wp\/v2\/posts\/2711"}],"collection":[{"href":"https:\/\/intendo-plus.com\/zuhcsd\/index.php?rest_route=\/wp\/v2\/posts"}],"about":[{"href":"https:\/\/intendo-plus.com\/zuhcsd\/index.php?rest_route=\/wp\/v2\/types\/post"}],"author":[{"embeddable":true,"href":"https:\/\/intendo-plus.com\/zuhcsd\/index.php?rest_route=\/wp\/v2\/users\/1"}],"replies":[{"embeddable":true,"href":"https:\/\/intendo-plus.com\/zuhcsd\/index.php?rest_route=%2Fwp%2Fv2%2Fcomments&post=2711"}],"version-history":[{"count":3,"href":"https:\/\/intendo-plus.com\/zuhcsd\/index.php?rest_route=\/wp\/v2\/posts\/2711\/revisions"}],"predecessor-version":[{"id":2725,"href":"https:\/\/intendo-plus.com\/zuhcsd\/index.php?rest_route=\/wp\/v2\/posts\/2711\/revisions\/2725"}],"wp:featuredmedia":[{"embeddable":true,"href":"https:\/\/intendo-plus.com\/zuhcsd\/index.php?rest_route=\/wp\/v2\/media\/2713"}],"wp:attachment":[{"href":"https:\/\/intendo-plus.com\/zuhcsd\/index.php?rest_route=%2Fwp%2Fv2%2Fmedia&parent=2711"}],"wp:term":[{"taxonomy":"category","embeddable":true,"href":"https:\/\/intendo-plus.com\/zuhcsd\/index.php?rest_route=%2Fwp%2Fv2%2Fcategories&post=2711"},{"taxonomy":"post_tag","embeddable":true,"href":"https:\/\/intendo-plus.com\/zuhcsd\/index.php?rest_route=%2Fwp%2Fv2%2Ftags&post=2711"}],"curies":[{"name":"wp","href":"https:\/\/api.w.org\/{rel}","templated":true}]}}