{"id":2705,"date":"2021-05-29T13:40:25","date_gmt":"2021-05-29T13:40:25","guid":{"rendered":"http:\/\/intendo-plus.com\/zuhcsd\/?p=2705"},"modified":"2021-05-29T13:40:25","modified_gmt":"2021-05-29T13:40:25","slug":"sjecanje-na-raketiranje-grada-zagreba-u-emisiji-veterani-mira","status":"publish","type":"post","link":"https:\/\/intendo-plus.com\/zuhcsd\/?p=2705","title":{"rendered":"Sje\u0107anje na raketiranje grada Zagreba u emisiji Veterani mira"},"content":{"rendered":"\n<p>Tog dana, 3. svibnja 1995. projektili iz raketnog sustava Orkan pogodili su Dje\u010dju bolnicu u Klai\u0107evoj i Hrvatsko narodno kazali\u0161te. Sanji Risovi\u0107 i Almiri Osmanovi\u0107 taj je dan urezan u sje\u0107anje.U trenutku kada je pogo\u0111ena Klai\u0107eva bolnica Sanja je ranjena zajedno sa svojom bebom koju je dr\u017eala u naru\u010dju \u010dekaju\u0107i na pregled. Almira je ranjena na radnom mjestu u Hrvatskom narodnom kazali\u0161tu. Svoja potresna sje\u0107anja iznijele su u dana\u0161njoj emisiji Veterani mira.Dan je to koji Zagreb nikada ne\u0107e zaboraviti.Sa 7 poginulih i 205 ranjenih i Zagrebcani stradali toga dana \u010dekaju kona\u010dno dono\u0161enje zakona o civilnim stradalnicima Domovinskog rata.<\/p>\n\n\n\n<figure class=\"wp-block-image\"><img decoding=\"async\" src=\"https:\/\/scontent-vie1-1.xx.fbcdn.net\/v\/t1.6435-9\/180932448_2931016300471644_6039351406721745144_n.jpg?_nc_cat=104&amp;ccb=1-3&amp;_nc_sid=8bfeb9&amp;_nc_eui2=AeFmTyKUYT_lAhlzwelzM63L5Uep9JBUWNnlR6n0kFRY2UaC13PNb-Mmt4zKP06Zs7s&amp;_nc_ohc=CYR5MH72hpUAX_ApH0S&amp;_nc_ht=scontent-vie1-1.xx&amp;oh=02de8efdc19063dc9f547ee5a5c6d6fb&amp;oe=60D748AB\" alt=\"May be an image of 1 person and indoor\"\/><figcaption><img decoding=\"async\" src=\"https:\/\/scontent-vie1-1.xx.fbcdn.net\/v\/t1.6435-9\/180720162_2931016320471642_567250540527180465_n.jpg?_nc_cat=110&amp;ccb=1-3&amp;_nc_sid=8bfeb9&amp;_nc_eui2=AeGVQ8WBNzcjchCksJNGTwnkKO_8-2aPdwoo7_z7Zo93CupRP2QbAa5He5QDRcRTI4U&amp;_nc_ohc=Dhyi53uFxYUAX8nE2PG&amp;_nc_ht=scontent-vie1-1.xx&amp;oh=c3cbe3cf2ba0aca1b2be2387585b1a88&amp;oe=60D8DA69\" alt=\"May be an image of 1 person\"><\/figcaption><\/figure>\n\n\n\n<figure class=\"wp-block-image\"><img decoding=\"async\" src=\"https:\/\/scontent-vie1-1.xx.fbcdn.net\/v\/t1.6435-9\/181334332_2931016337138307_3161952240518656389_n.jpg?_nc_cat=103&amp;ccb=1-3&amp;_nc_sid=8bfeb9&amp;_nc_eui2=AeE7Reo_ODHBK24ynbSifAly3g9ocOKkGo7eD2hw4qQajiK5VBgsdYgL-emasEPUQLE&amp;_nc_ohc=sm2Km7MM4g8AX9Uurcf&amp;_nc_ht=scontent-vie1-1.xx&amp;oh=a3f67ee6e93d71d6361e1c47a9cdb64c&amp;oe=60D855E5\" alt=\"May be an image of 1 person and text\"\/><figcaption><img decoding=\"async\" src=\"https:\/\/scontent-vie1-1.xx.fbcdn.net\/v\/t1.6435-9\/181060180_2931016387138302_985380238654528158_n.jpg?_nc_cat=108&amp;ccb=1-3&amp;_nc_sid=8bfeb9&amp;_nc_eui2=AeE7kWdAEEbFjzqj7LEiO_xRgjCpI3WfWkCCMKkjdZ9aQNE1YceNlapHC0E37awhEEs&amp;_nc_ohc=PjONGdxSbNsAX-3ro0M&amp;_nc_ht=scontent-vie1-1.xx&amp;oh=cd014234e213507a4f5153d6bd646121&amp;oe=60D6169F\" alt=\"May be an image of 1 person and standing\"><\/figcaption><\/figure>\n\n\n\n<figure class=\"wp-block-image\"><img decoding=\"async\" src=\"https:\/\/scontent-vie1-1.xx.fbcdn.net\/v\/t1.6435-9\/179849208_2931016360471638_2570131416182029237_n.jpg?_nc_cat=105&amp;ccb=1-3&amp;_nc_sid=8bfeb9&amp;_nc_eui2=AeF-kjYWc53yYlu8KVX1FeEv8VPq4EpIhEbxU-rgSkiERjsWtL0AQzDFfBOo8Lg59Wk&amp;_nc_ohc=kNvZNLu9aAcAX8Piwny&amp;_nc_ht=scontent-vie1-1.xx&amp;oh=2362005f4e5eb2733d099a852a4b279b&amp;oe=60D98F60\" alt=\"May be an image of 1 person\"\/><\/figure>\n","protected":false},"excerpt":{"rendered":"<p>Tog dana, 3. svibnja 1995. projektili iz raketnog sustava Orkan pogodili su Dje\u010dju bolnicu u Klai\u0107evoj i Hrvatsko narodno kazali\u0161te. Sanji Risovi\u0107 i Almiri Osmanovi\u0107 taj je dan urezan u sje\u0107anje.U trenutku kada je pogo\u0111ena Klai\u0107eva bolnica Sanja je ranjena zajedno sa svojom bebom koju je dr\u017eala u naru\u010dju \u010dekaju\u0107i na pregled. Almira je ranjena&#8230; <a class=\"more\" href=\"https:\/\/intendo-plus.com\/zuhcsd\/?p=2705\">Continue reading &rarr;<\/a><\/p>\n","protected":false},"author":1,"featured_media":2706,"comment_status":"closed","ping_status":"closed","sticky":false,"template":"","format":"standard","meta":{"ngg_post_thumbnail":0},"categories":[1],"tags":[],"_links":{"self":[{"href":"https:\/\/intendo-plus.com\/zuhcsd\/index.php?rest_route=\/wp\/v2\/posts\/2705"}],"collection":[{"href":"https:\/\/intendo-plus.com\/zuhcsd\/index.php?rest_route=\/wp\/v2\/posts"}],"about":[{"href":"https:\/\/intendo-plus.com\/zuhcsd\/index.php?rest_route=\/wp\/v2\/types\/post"}],"author":[{"embeddable":true,"href":"https:\/\/intendo-plus.com\/zuhcsd\/index.php?rest_route=\/wp\/v2\/users\/1"}],"replies":[{"embeddable":true,"href":"https:\/\/intendo-plus.com\/zuhcsd\/index.php?rest_route=%2Fwp%2Fv2%2Fcomments&post=2705"}],"version-history":[{"count":1,"href":"https:\/\/intendo-plus.com\/zuhcsd\/index.php?rest_route=\/wp\/v2\/posts\/2705\/revisions"}],"predecessor-version":[{"id":2707,"href":"https:\/\/intendo-plus.com\/zuhcsd\/index.php?rest_route=\/wp\/v2\/posts\/2705\/revisions\/2707"}],"wp:featuredmedia":[{"embeddable":true,"href":"https:\/\/intendo-plus.com\/zuhcsd\/index.php?rest_route=\/wp\/v2\/media\/2706"}],"wp:attachment":[{"href":"https:\/\/intendo-plus.com\/zuhcsd\/index.php?rest_route=%2Fwp%2Fv2%2Fmedia&parent=2705"}],"wp:term":[{"taxonomy":"category","embeddable":true,"href":"https:\/\/intendo-plus.com\/zuhcsd\/index.php?rest_route=%2Fwp%2Fv2%2Fcategories&post=2705"},{"taxonomy":"post_tag","embeddable":true,"href":"https:\/\/intendo-plus.com\/zuhcsd\/index.php?rest_route=%2Fwp%2Fv2%2Ftags&post=2705"}],"curies":[{"name":"wp","href":"https:\/\/api.w.org\/{rel}","templated":true}]}}