{"id":2696,"date":"2021-05-29T13:29:36","date_gmt":"2021-05-29T13:29:36","guid":{"rendered":"http:\/\/intendo-plus.com\/zuhcsd\/?p=2696"},"modified":"2021-05-29T13:29:36","modified_gmt":"2021-05-29T13:29:36","slug":"za-specijalnu-emisiju-obljetnice-vojno-redarstvene-operacije-bljesak-o-raketiranju-zagreba-i-zakonu-o-civilnim-stradalnicima","status":"publish","type":"post","link":"https:\/\/intendo-plus.com\/zuhcsd\/?p=2696","title":{"rendered":"Za specijalnu emisiju obljetnice vojno-redarstvene operacije Bljesak o raketiranju Zagreba i Zakonu o civilnim stradalnicima"},"content":{"rendered":"\n<p>Za specijalnu emisiju obljetnice vojno-redarstvene operacije Bljesak o Nacrtu prijedloga zakona o civilnim stradalnicima Domovinskog rata i stradavanju u raketiranju grada Zagreba govorile su Ivana Marinovi\u0107 i Almira Osmanovi\u0107.2. i 3. svibnja 1995. kao odmazda za vojni poraz pobunjenih Srba tijekom Operacije Bljesak raketiran je grad Zagreb. Projektili iz raketnog sustava Orkan pali su 2.svibnja na kri\u017eanje Vla\u0161ke i Dra\u0161kovi\u0107eve ulice a dan nakon i na Dje\u010dju bolnicu u Klai\u0107evoj, na Hrvatsko narodno kazali\u0161te i cijelo sredi\u0161te grada. U raketiranju je poginulo 7 a ranjeno 205 osoba. Napad je naredio Milan Marti\u0107 koji je presudom Ha\u0161kog suda osu\u0111en na 35 godina zatvora.<\/p>\n\n\n\n<figure class=\"wp-block-image\"><img decoding=\"async\" src=\"https:\/\/scontent-vie1-1.xx.fbcdn.net\/v\/t1.6435-9\/180917338_10158437981468661_3989654772218607615_n.jpg?_nc_cat=111&amp;ccb=1-3&amp;_nc_sid=8bfeb9&amp;_nc_eui2=AeHcRqNPkEzlgV3AvKUW36X9gWqRhjVIIzCBapGGNUgjMMhNsditqU5pPNNcKWZv8Eo&amp;_nc_ohc=usi9dBtYxAYAX_BjrQM&amp;_nc_ht=scontent-vie1-1.xx&amp;oh=1d8456301304ce2cb617795656850a8f&amp;oe=60D7FB94\" alt=\"May be an image of Ivana Marinovi\u0107 and text\"\/><figcaption><img decoding=\"async\" src=\"https:\/\/scontent-vie1-1.xx.fbcdn.net\/v\/t1.6435-9\/180757966_10158437981393661_2001956471664458525_n.jpg?_nc_cat=106&amp;ccb=1-3&amp;_nc_sid=8bfeb9&amp;_nc_eui2=AeFBmkuhDiERRwedmtlpu2e0XuNYxBNkt7Ze41jEE2S3tkCalX55giigD5L3BPZrLuM&amp;_nc_ohc=4iOnIyTv8cYAX8Fu8O_&amp;_nc_oc=AQnjMbbVHo5vy-A9KpLLlE4JkpyEvZ_4g3isZgcUAvSpdjLb6-zE_-xqTg8n1VevA7A&amp;_nc_ht=scontent-vie1-1.xx&amp;oh=33fd34393de8b7bc7b832aa6a14e8270&amp;oe=60D93AA7\" alt=\"May be an image of 1 person and text\"><\/figcaption><\/figure>\n","protected":false},"excerpt":{"rendered":"<p>Za specijalnu emisiju obljetnice vojno-redarstvene operacije Bljesak o Nacrtu prijedloga zakona o civilnim stradalnicima Domovinskog rata i stradavanju u raketiranju grada Zagreba govorile su Ivana Marinovi\u0107 i Almira Osmanovi\u0107.2. i 3. svibnja 1995. kao odmazda za vojni poraz pobunjenih Srba tijekom Operacije Bljesak raketiran je grad Zagreb. Projektili iz raketnog sustava Orkan pali su 2.svibnja&#8230; <a class=\"more\" href=\"https:\/\/intendo-plus.com\/zuhcsd\/?p=2696\">Continue reading &rarr;<\/a><\/p>\n","protected":false},"author":1,"featured_media":2697,"comment_status":"closed","ping_status":"closed","sticky":false,"template":"","format":"standard","meta":{"ngg_post_thumbnail":0},"categories":[1],"tags":[],"_links":{"self":[{"href":"https:\/\/intendo-plus.com\/zuhcsd\/index.php?rest_route=\/wp\/v2\/posts\/2696"}],"collection":[{"href":"https:\/\/intendo-plus.com\/zuhcsd\/index.php?rest_route=\/wp\/v2\/posts"}],"about":[{"href":"https:\/\/intendo-plus.com\/zuhcsd\/index.php?rest_route=\/wp\/v2\/types\/post"}],"author":[{"embeddable":true,"href":"https:\/\/intendo-plus.com\/zuhcsd\/index.php?rest_route=\/wp\/v2\/users\/1"}],"replies":[{"embeddable":true,"href":"https:\/\/intendo-plus.com\/zuhcsd\/index.php?rest_route=%2Fwp%2Fv2%2Fcomments&post=2696"}],"version-history":[{"count":1,"href":"https:\/\/intendo-plus.com\/zuhcsd\/index.php?rest_route=\/wp\/v2\/posts\/2696\/revisions"}],"predecessor-version":[{"id":2698,"href":"https:\/\/intendo-plus.com\/zuhcsd\/index.php?rest_route=\/wp\/v2\/posts\/2696\/revisions\/2698"}],"wp:featuredmedia":[{"embeddable":true,"href":"https:\/\/intendo-plus.com\/zuhcsd\/index.php?rest_route=\/wp\/v2\/media\/2697"}],"wp:attachment":[{"href":"https:\/\/intendo-plus.com\/zuhcsd\/index.php?rest_route=%2Fwp%2Fv2%2Fmedia&parent=2696"}],"wp:term":[{"taxonomy":"category","embeddable":true,"href":"https:\/\/intendo-plus.com\/zuhcsd\/index.php?rest_route=%2Fwp%2Fv2%2Fcategories&post=2696"},{"taxonomy":"post_tag","embeddable":true,"href":"https:\/\/intendo-plus.com\/zuhcsd\/index.php?rest_route=%2Fwp%2Fv2%2Ftags&post=2696"}],"curies":[{"name":"wp","href":"https:\/\/api.w.org\/{rel}","templated":true}]}}