{"id":2658,"date":"2020-09-01T18:25:28","date_gmt":"2020-09-01T18:25:28","guid":{"rendered":"http:\/\/intendo-plus.com\/zuhcsd\/?p=2658"},"modified":"2020-09-01T18:37:51","modified_gmt":"2020-09-01T18:37:51","slug":"medunarodni-dan-nestalih-2","status":"publish","type":"post","link":"https:\/\/intendo-plus.com\/zuhcsd\/?p=2658","title":{"rendered":"Me\u0111unarodni dan nestalih"},"content":{"rendered":"<div class=\"kvgmc6g5 cxmmr5t8 oygrvhab hcukyx3x c1et5uql ii04i59q\">\n<div dir=\"auto\">Obilje\u017eavanje Me\u0111unarodnog dana nestalih osoba odr\u017eano je 30. kolovoza u Zagrebu pod pokroviteljstvom Ministarstva hrvatskih branitelja,u organizaciji Saveza udruga obitelji zatocenih i nestalih hrvarskih branitelja, Zajednice udruga hrvatskih civilnih stradalnika Dimovinskog rata i Udruge djece poginulih i nestalih hrvatskih branitelja.Osim \u010dlanova obitelji nestalih obilje\u017eavanju su nazo\u010dili predsjednik Vlade RH Andrej Plenkovi\u0107, izaslanik predsjednika Hrvatskog sabora \u017deljko Reiner, potpredsjednik Vlade i ministar hrvatskih branitelja Tomo Medved sa suradnicima, potpredsjednik Hrvatskog sabora Miroslav \u0160koro, ministar vanjskih i europskih poslova Gordan Grli\u0107-Radman te ministar pravosu\u0111a i uprave Ivan Malenica, gradona\u010delnik Zagreba Milan Bandi\u0107, saborski zastupnici te predstavnici Crvenog kri\u017ea i drugi uzvanici.<\/div>\n<div dir=\"auto\">U ime Zajednice udruga hrvatskih civilnih stradalnika nazocnima se obratila Ivana Marinovic, a obra\u0107anje u nastavku prenosimo u cjelosti.<\/div>\n<\/div>\n<div class=\"o9v6fnle cxmmr5t8 oygrvhab hcukyx3x c1et5uql ii04i59q\">\n<div dir=\"auto\"><\/div>\n<div dir=\"auto\">Po\u0161tovane obitelji nestalih, po\u0161tovani gosti,<\/div>\n<div dir=\"auto\"><\/div>\n<div dir=\"auto\">Ne postoji istina koje se ja bojim i koju bih \u017eelio da bude nepoznata cijelom svijetu, rekao je Thomas Jefferson.<\/div>\n<div dir=\"auto\"><\/div>\n<div dir=\"auto\">Obitelji nestalih civila za tu istinu zakinuti su gotovo tri desetlje\u0107a. Ta istina le\u017ei negdje na poljima neprobu\u0111ene savjesti, na krivudavim ulicama neodlu\u010dnih i neodgovornih politi\u010dkih puteva na\u0161eg susjedstva, istina koja spava jo\u0161 uvijek je jednako istina. Zada\u0107a je velikih probuditi je. Probuditi je u ime bolje budu\u0107nosti, u ime mira, za ono dijete koje \u017eivi danas za sutra bez tereta pro\u0161losti, za sutra koje je satkano od istine, ljubavi i boljeg \u017eivota.<\/div>\n<\/div>\n<div class=\"o9v6fnle cxmmr5t8 oygrvhab hcukyx3x c1et5uql ii04i59q\">\n<div dir=\"auto\">Put u napredak u rje\u0161avanju ovog pitanja poplo\u010dan je dobrim i iskrenim namjerama koje spavaju na rukama mo\u0107i, neprobu\u0111ene. Ru\u0161enje prepreka na tom putu zada\u0107a je svih nas kojima je traganje za istinom primarna zada\u0107a u cilju vlastitog mira ali je i veliko pitanje \u010dije rje\u0161enje je poput ceste do mjesta u kojem je povijest sa\u010duvana knjiga iz koje u\u010de generacije budu\u0107nosti \u010dine\u0107i tu istinu zauvijek \u017eivom.<\/div>\n<div dir=\"auto\"><\/div>\n<div dir=\"auto\">Nije te\u0161ko istinski voljeti svoj dom, braniti ga du\u0161om i tijelom, te\u0161ko je bilo i jest biti civilna \u017ertva Domovinskog rata, \u010desto zaboravljena. Ratovi i sudionici u ratovima sude se po zlo\u010dinima nad civilima, onim nemo\u0107nima, bez pu\u0161ke u rukama, onima koji su ostali tamo odakle bi mnogi pobjegli, ostali su u mraku \u010dekaju\u0107i svijetlo. Jednako i danas roditelji, djeca, supruge nestalih tra\u017ee isto svjetlo. Netko ga je davno ugasio.<\/div>\n<\/div>\n<div class=\"o9v6fnle cxmmr5t8 oygrvhab hcukyx3x c1et5uql ii04i59q\">\n<div dir=\"auto\"><\/div>\n<div dir=\"auto\">Uga\u0161ene sre\u0107om nisu bili te\u017enje, svi koraci prema naprijed svih ovih godina. Biti civil kao da je zna\u010dilo biti manje va\u017ean a nijedan \u010dovjek nije manje va\u017ean, pa \u010dak niti onda kada zauvijek zatvori o\u010di. \u010cinjenica je da je u Domovinskom ratu najve\u0107i broj nestalih civila, \u010dinjenica je i da su na va\u017enost priznanja svoje \u017ertve \u010dekali dugih 25 godina. Oni nisu iz nekog drugog rata ili neke druge domovine, oni jesu domovina, ba\u0161 kao i svaki \u010dovjek koji dijeli ovaj zrak u najljep\u0161oj zemlji svijeta.<\/div>\n<div dir=\"auto\"><\/div>\n<div dir=\"auto\">I djeca nestalih civila su jednako gra\u0111ani ove zemlje, jednako zaboravljani, stavljani u ladice, pomalo zapostavljani, taj put nije ispravljen ni danas. Generacija ro\u0111ena osamdesetih i devedesetih imala je isprekidano djetinjstvo, umrljano krvlju, pro\u017eeto neugodnom ti\u0161inom, umjesto pjesme svirale su im granate ali ipak su se nadali boljem sutra, ne nadaju\u0107i se da \u0107e ostati izvan svakog prava i zakona. Ne, nismo zbog toga lo\u0161iji ljudi, ni manje obrazovani ni manje pametni ali ono \u0161to jesmo, sna\u017eniji, odlu\u010dniji, hrabriji u svim koracima prema naprijed. Budu\u0107nost gradimo sami i sve \u0161to smo izgradili zahvaljujemo vlastitim rukama.<\/div>\n<div dir=\"auto\"><\/div>\n<div dir=\"auto\">Odr\u017eavaju\u0107i tribinu \u201ePsiholo\u0161ke posljedice rata na djecu \u017ertve rata\u201c u razgovoru i anketi bilo je vidljivo da tada djecu, a danas odrasle ljude nitko nije pitao ni\u0161ta, ni s kim nisu razgovarali, zbog toga jo\u0161 te\u017ee razgovaraju danas. Problem koji zanemarite i gurnete u stranu s godinama ne nestaje nego raste. Propust je to brige za mentalno zdravlje pojedinca, mentalno zdravlje djeteta, gre\u0161ka koju budu\u0107nost uvijek napla\u0107uje. U toj analizi profesorica psihologije s Filozofskog fakulteta u Zagrebu, Gordana Kuterovac Jagodi\u0107 napisala je: na temelju iskustava o kojima sam sa sudionicima razgovarala nakon predavanja i koja su vrlo traumati\u010dna, ocjenjujem kako stupanj stru\u010dne pomo\u0107i i podr\u0161ke koju su dobili nije u potpunosti zadovoljavaju\u0107i i kako im je potrebna redovitija i sustavnija upravo psiholo\u0161ka pomo\u0107, kao i podr\u0161ka dru\u0161tva u cjelini i to ne samo kroz materijalna prava nego i simboli\u010dka priznanja njihove \u017ertve i patnje kao njegovanje uspomena na njihove stradale i davanje smisla njihovim \u017ertvama.<\/div>\n<\/div>\n<div class=\"o9v6fnle cxmmr5t8 oygrvhab hcukyx3x c1et5uql ii04i59q\">\n<div dir=\"auto\">Da, djeca su to bila, danas odrasli ljudi, oni koji su svaki strah pre\u017eivjeli s osmijehom, uglavnom zaboravljeni od svih onih koji su pored njih prolazili kao \u0161to se prolazi pokraj sporedne ceste, jer biti civilna \u017ertva bilo je upravo to, godinama sporedna cesta na kri\u017eanjima, staza kojom nitko ne ide, zarasla od obe\u0107anja i vjerovanja.<\/div>\n<div dir=\"auto\">Vjerujemo da je do\u0161lo vrijeme u kojem smo dio glavne ulice, da svjetlo obasjava svaku \u017ertvu i postoji jednako priznanje za istu.<\/div>\n<\/div>\n<div class=\"o9v6fnle cxmmr5t8 oygrvhab hcukyx3x c1et5uql ii04i59q\">\n<div dir=\"auto\"><\/div>\n<div dir=\"auto\">Danas na Me\u0111unarodni dan nestalih va\u017eno je istaknuti da vjerujemo u sve napore vlastite dr\u017eave u rje\u0161avanje ovog te\u0161kog pitanja i nadamo se uspje\u0161nijoj i ve\u0107oj spremnosti na suradnju Republike Srbije. Vjerujemo da napori ulo\u017eeni na putu do istine daju rezultate, ma kako sporo bilo, ma kako se beskrajnim \u010dinilo, poput slaganja puzzli kojim uvijek fale dijelovi. Ali to nije igra, to je nizanje trenutaka \u017eivota u kojem uvijek fale glavni likovi. Pitanje je to politi\u010dke volje, ali i one iskrene ljudske volje za boljom budu\u0107no\u0161\u0107u. Odgovor le\u017ei tamo gdje savjest spava.<\/div>\n<div dir=\"auto\">Kada pri\u010damo o suradnji, suradnja je put u bolju budu\u0107nost, a budu\u0107nosti bez istine nema ili rije\u010dima hrvatske pjesnikinje Vesne Parun:<\/div>\n<div dir=\"auto\">&#8220;\u010covjekovo pravo na istinu nije ni\u0161ta manje sveto od prava na \u017eivot&#8221;.<\/div>\n<\/div>\n<div class=\"o9v6fnle cxmmr5t8 oygrvhab hcukyx3x c1et5uql ii04i59q\">\n<div dir=\"auto\">Ivana Marinovi\u0107<\/div>\n<div dir=\"auto\"><\/div>\n<div dir=\"auto\">Predsjednik Vlade RH, Andrej Plenkovi\u0107 u svom govoru je izme\u0111u ostalog istaknuo:<\/div>\n<div dir=\"auto\"><\/div>\n<div dir=\"auto\">\n<p style=\"color: #424242;\">\u201eDirnut sam va\u0161om snagom va\u0161om snagom, hrabro\u0161\u0107u i ustrajno\u0161\u0107u. Va\u0161i nestali \u010dlanovi obitelji, va\u0161e \u017eivotne sudbine, slike i uspomene koje nosite u srcu i du\u0161i, va\u0161a nada, izvor su, poticaj, ali i trajna obaveza hrvatskoj Vladi ni svim institucijama za sna\u017ean anga\u017eman u pronala\u017eenju svih osoba nestalih u Domovinskom ratu i za rasvjetljavanje svake pojedina\u010dne sudbine,\u201c kazao je, dodav\u0161i kako \u010dinjenica da smo se 25 godina nakon zavr\u0161etka rata okupili u ovolikom broju ukazuje na svu te\u017einu i slo\u017eenost pitanja nestalih.<br \/>\nIstaknuo je dosada\u0161nje napore i postignu\u0107a u tom pogledu te posebno zahvalio potpredsjedniku Vlade i ministru hrvatskih branitelja Tomi Medvedu i njegovim suradnicima. Podsjetiv\u0161i da je Vlada u proteklom mandatu unaprijedili statusna prava obitelji nestalih hrvatskih branitelja, najavio je ure\u0111enje prava civilnih stradalnika iz Domovinskoga rata kojim \u0107e se unaprijediti i prava obitelji nestalih civila.<\/p>\n<p>\u201eTrideset godina od po\u010detka Domovinskog rata od presudne je va\u017enosti stvaranje svih preduvjeta za rje\u0161avanje otvorenih pitanja, a posebno nestalih. A to je du\u017enost odgovorne i predane dr\u017eave, dr\u017eave koja po\u0161tuje svoje \u017ertve, koja ima osje\u0107aj za humano, moralno i pravedno,\u201c istaknuo je predsjednik Vlade, poru\u010div\u0161i da hrvatska Vlada nikada ne\u0107e posustati u potrazi za nestalima, te zaklju\u010dio: \u201eU\u010diniti \u0107emo sve, u suradnji s vama, da do\u0111emo do informacija, da i u ovom mandatu napravimo iskorake za ovaj preostali broj ljudi \u010diju sudbinu \u017eelimo doznati, kako bismo olak\u0161ali vama koji \u017eivite s tom patnjom zadnjih skoro trideset godina.\u00a0 Jer je Domovinski rat kamen temeljac suvremene i demokratske Hrvatske, na\u0161e slobode i, unato\u010d svim izazovima, koje nosi ovo dana\u0161nje vrijeme, ovo je tema koja nikada ne\u0107e prestati biti prioritet hrvatske Vlade i hrvatskih institucija.\u201c<\/p>\n<p>&nbsp;<\/p>\n<p><span style=\"color: #424242;\">Predsjednica Saveza udruga obitelji zato\u010denih i nestalih hrvatskih branitelja,\u00a0<\/span><strong style=\"font-weight: bold; color: #424242;\">Ljiljana Alvir<\/strong><span style=\"color: #424242;\">\u00a0izrazila je zadovoljstvo suradnjom s Vladom i resornim ministarstvom te nadle\u017enim institucijama, kao i nezadovoljstvo politizacijom pitanja nestalih osoba te iskori\u0161tavanje tog pitanja za strana\u010dke obra\u010dune i skupljanje vlastitih politi\u010dkih bodova.<\/span><br style=\"color: #424242;\" \/><br style=\"color: #424242;\" \/><span style=\"color: #424242;\">Pozvala je dr\u017eavne institucije da poja\u010daju pritisak na Srbiju i Europsku uniju kako u rje\u0161avanju ovog pitanja, a gra\u0111ane koji imaju saznanja o sudbini nestalih pomognu u njihovom pronalasku. U ime \u010dlanova obitelji nestalih branitelja i civila pozvala je sve na konsenzus u rje\u0161avanju tog najte\u017eeg humanitarnog pitanja.<\/span><\/p>\n<p style=\"color: #424242;\">Me\u0111unarodni dan nestalih ove se godine po prvi puta obilje\u017eava kao spomendan u Republici Hrvatskoj.<\/p>\n<\/div>\n<div dir=\"auto\"><a href=\"http:\/\/intendo-plus.com\/zuhcsd\/wp-content\/uploads\/2020\/09\/HN20200830700213.jpg\"><img decoding=\"async\" loading=\"lazy\" class=\"alignnone size-medium wp-image-2649\" src=\"http:\/\/intendo-plus.com\/zuhcsd\/wp-content\/uploads\/2020\/09\/HN20200830700213-320x197.jpg\" alt=\"HN20200830700213\" width=\"300\" height=\"184\" srcset=\"https:\/\/intendo-plus.com\/zuhcsd\/wp-content\/uploads\/2020\/09\/HN20200830700213-320x197.jpg 320w, https:\/\/intendo-plus.com\/zuhcsd\/wp-content\/uploads\/2020\/09\/HN20200830700213-540x333.jpg 540w, https:\/\/intendo-plus.com\/zuhcsd\/wp-content\/uploads\/2020\/09\/HN20200830700213.jpg 750w\" sizes=\"(max-width: 300px) 100vw, 300px\" \/><\/a><a href=\"http:\/\/intendo-plus.com\/zuhcsd\/wp-content\/uploads\/2020\/09\/HN20200830700211.jpg\"><img decoding=\"async\" loading=\"lazy\" class=\"alignnone size-medium wp-image-2650\" src=\"http:\/\/intendo-plus.com\/zuhcsd\/wp-content\/uploads\/2020\/09\/HN20200830700211-320x210.jpg\" alt=\"HN20200830700211\" width=\"300\" height=\"196\" srcset=\"https:\/\/intendo-plus.com\/zuhcsd\/wp-content\/uploads\/2020\/09\/HN20200830700211-320x210.jpg 320w, https:\/\/intendo-plus.com\/zuhcsd\/wp-content\/uploads\/2020\/09\/HN20200830700211-540x354.jpg 540w, https:\/\/intendo-plus.com\/zuhcsd\/wp-content\/uploads\/2020\/09\/HN20200830700211.jpg 750w\" sizes=\"(max-width: 300px) 100vw, 300px\" \/><\/a><a href=\"http:\/\/intendo-plus.com\/zuhcsd\/wp-content\/uploads\/2020\/09\/HN20200830700176.jpg\"><img decoding=\"async\" loading=\"lazy\" class=\"alignnone size-medium wp-image-2651\" src=\"http:\/\/intendo-plus.com\/zuhcsd\/wp-content\/uploads\/2020\/09\/HN20200830700176-320x204.jpg\" alt=\"HN20200830700176\" width=\"300\" height=\"191\" srcset=\"https:\/\/intendo-plus.com\/zuhcsd\/wp-content\/uploads\/2020\/09\/HN20200830700176-320x204.jpg 320w, https:\/\/intendo-plus.com\/zuhcsd\/wp-content\/uploads\/2020\/09\/HN20200830700176-540x344.jpg 540w, https:\/\/intendo-plus.com\/zuhcsd\/wp-content\/uploads\/2020\/09\/HN20200830700176.jpg 750w\" sizes=\"(max-width: 300px) 100vw, 300px\" \/><\/a><a href=\"http:\/\/intendo-plus.com\/zuhcsd\/wp-content\/uploads\/2020\/09\/md-nestalih.jpg\"><img decoding=\"async\" loading=\"lazy\" class=\"alignnone size-medium wp-image-2652\" src=\"http:\/\/intendo-plus.com\/zuhcsd\/wp-content\/uploads\/2020\/09\/md-nestalih-320x581.jpg\" alt=\"md nestalih\" width=\"165\" height=\"300\" srcset=\"https:\/\/intendo-plus.com\/zuhcsd\/wp-content\/uploads\/2020\/09\/md-nestalih-320x581.jpg 320w, https:\/\/intendo-plus.com\/zuhcsd\/wp-content\/uploads\/2020\/09\/md-nestalih.jpg 528w\" sizes=\"(max-width: 165px) 100vw, 165px\" \/><\/a><a href=\"http:\/\/intendo-plus.com\/zuhcsd\/wp-content\/uploads\/2020\/09\/md-nestalih4.jpg\"><img decoding=\"async\" loading=\"lazy\" class=\"alignnone size-medium wp-image-2653\" src=\"http:\/\/intendo-plus.com\/zuhcsd\/wp-content\/uploads\/2020\/09\/md-nestalih4-320x568.jpg\" alt=\"md nestalih4\" width=\"169\" height=\"300\" srcset=\"https:\/\/intendo-plus.com\/zuhcsd\/wp-content\/uploads\/2020\/09\/md-nestalih4-320x568.jpg 320w, https:\/\/intendo-plus.com\/zuhcsd\/wp-content\/uploads\/2020\/09\/md-nestalih4.jpg 540w\" sizes=\"(max-width: 169px) 100vw, 169px\" \/><\/a><a href=\"http:\/\/intendo-plus.com\/zuhcsd\/wp-content\/uploads\/2020\/09\/mdnestalih3.jpg\"><img decoding=\"async\" loading=\"lazy\" class=\"alignnone size-medium wp-image-2654\" src=\"http:\/\/intendo-plus.com\/zuhcsd\/wp-content\/uploads\/2020\/09\/mdnestalih3-320x581.jpg\" alt=\"mdnestalih3\" width=\"165\" height=\"300\" srcset=\"https:\/\/intendo-plus.com\/zuhcsd\/wp-content\/uploads\/2020\/09\/mdnestalih3-320x581.jpg 320w, https:\/\/intendo-plus.com\/zuhcsd\/wp-content\/uploads\/2020\/09\/mdnestalih3.jpg 528w\" sizes=\"(max-width: 165px) 100vw, 165px\" \/><\/a><a href=\"http:\/\/intendo-plus.com\/zuhcsd\/wp-content\/uploads\/2020\/09\/mdnestalih6.jpg\"><img decoding=\"async\" loading=\"lazy\" class=\"alignnone size-medium wp-image-2655\" src=\"http:\/\/intendo-plus.com\/zuhcsd\/wp-content\/uploads\/2020\/09\/mdnestalih6-320x264.jpg\" alt=\"mdnestalih6\" width=\"300\" height=\"247\" srcset=\"https:\/\/intendo-plus.com\/zuhcsd\/wp-content\/uploads\/2020\/09\/mdnestalih6-320x264.jpg 320w, https:\/\/intendo-plus.com\/zuhcsd\/wp-content\/uploads\/2020\/09\/mdnestalih6-540x446.jpg 540w, https:\/\/intendo-plus.com\/zuhcsd\/wp-content\/uploads\/2020\/09\/mdnestalih6.jpg 960w\" sizes=\"(max-width: 300px) 100vw, 300px\" \/><\/a><a href=\"http:\/\/intendo-plus.com\/zuhcsd\/wp-content\/uploads\/2020\/09\/mdnestalih8.jpg\"><img decoding=\"async\" loading=\"lazy\" class=\"alignnone size-medium wp-image-2656\" src=\"http:\/\/intendo-plus.com\/zuhcsd\/wp-content\/uploads\/2020\/09\/mdnestalih8-320x568.jpg\" alt=\"mdnestalih8\" width=\"169\" height=\"300\" srcset=\"https:\/\/intendo-plus.com\/zuhcsd\/wp-content\/uploads\/2020\/09\/mdnestalih8-320x568.jpg 320w, https:\/\/intendo-plus.com\/zuhcsd\/wp-content\/uploads\/2020\/09\/mdnestalih8.jpg 540w\" sizes=\"(max-width: 169px) 100vw, 169px\" \/><\/a><a href=\"http:\/\/intendo-plus.com\/zuhcsd\/wp-content\/uploads\/2020\/09\/mdnestalih10.jpg\"><img decoding=\"async\" loading=\"lazy\" class=\"alignnone size-medium wp-image-2657\" src=\"http:\/\/intendo-plus.com\/zuhcsd\/wp-content\/uploads\/2020\/09\/mdnestalih10-320x568.jpg\" alt=\"mdnestalih10\" width=\"169\" height=\"300\" srcset=\"https:\/\/intendo-plus.com\/zuhcsd\/wp-content\/uploads\/2020\/09\/mdnestalih10-320x568.jpg 320w, https:\/\/intendo-plus.com\/zuhcsd\/wp-content\/uploads\/2020\/09\/mdnestalih10.jpg 540w\" sizes=\"(max-width: 169px) 100vw, 169px\" \/><\/a><\/div>\n<\/div>\n","protected":false},"excerpt":{"rendered":"<p>Obilje\u017eavanje Me\u0111unarodnog dana nestalih osoba odr\u017eano je 30. kolovoza u Zagrebu pod pokroviteljstvom Ministarstva hrvatskih branitelja,u organizaciji Saveza udruga obitelji zatocenih i nestalih hrvarskih branitelja, Zajednice udruga hrvatskih civilnih stradalnika Dimovinskog rata i Udruge djece poginulih i nestalih hrvatskih branitelja.Osim \u010dlanova obitelji nestalih obilje\u017eavanju su nazo\u010dili predsjednik Vlade RH Andrej Plenkovi\u0107, izaslanik predsjednika Hrvatskog sabora&#8230; <a class=\"more\" href=\"https:\/\/intendo-plus.com\/zuhcsd\/?p=2658\">Continue reading &rarr;<\/a><\/p>\n","protected":false},"author":1,"featured_media":2649,"comment_status":"closed","ping_status":"closed","sticky":false,"template":"","format":"standard","meta":{"ngg_post_thumbnail":0},"categories":[8],"tags":[81,79,82,80,46],"_links":{"self":[{"href":"https:\/\/intendo-plus.com\/zuhcsd\/index.php?rest_route=\/wp\/v2\/posts\/2658"}],"collection":[{"href":"https:\/\/intendo-plus.com\/zuhcsd\/index.php?rest_route=\/wp\/v2\/posts"}],"about":[{"href":"https:\/\/intendo-plus.com\/zuhcsd\/index.php?rest_route=\/wp\/v2\/types\/post"}],"author":[{"embeddable":true,"href":"https:\/\/intendo-plus.com\/zuhcsd\/index.php?rest_route=\/wp\/v2\/users\/1"}],"replies":[{"embeddable":true,"href":"https:\/\/intendo-plus.com\/zuhcsd\/index.php?rest_route=%2Fwp%2Fv2%2Fcomments&post=2658"}],"version-history":[{"count":4,"href":"https:\/\/intendo-plus.com\/zuhcsd\/index.php?rest_route=\/wp\/v2\/posts\/2658\/revisions"}],"predecessor-version":[{"id":2662,"href":"https:\/\/intendo-plus.com\/zuhcsd\/index.php?rest_route=\/wp\/v2\/posts\/2658\/revisions\/2662"}],"wp:featuredmedia":[{"embeddable":true,"href":"https:\/\/intendo-plus.com\/zuhcsd\/index.php?rest_route=\/wp\/v2\/media\/2649"}],"wp:attachment":[{"href":"https:\/\/intendo-plus.com\/zuhcsd\/index.php?rest_route=%2Fwp%2Fv2%2Fmedia&parent=2658"}],"wp:term":[{"taxonomy":"category","embeddable":true,"href":"https:\/\/intendo-plus.com\/zuhcsd\/index.php?rest_route=%2Fwp%2Fv2%2Fcategories&post=2658"},{"taxonomy":"post_tag","embeddable":true,"href":"https:\/\/intendo-plus.com\/zuhcsd\/index.php?rest_route=%2Fwp%2Fv2%2Ftags&post=2658"}],"curies":[{"name":"wp","href":"https:\/\/api.w.org\/{rel}","templated":true}]}}