{"id":2271,"date":"2019-01-02T10:44:13","date_gmt":"2019-01-02T10:44:13","guid":{"rendered":"http:\/\/intendo-plus.com\/zuhcsd\/?p=2271"},"modified":"2019-01-02T10:44:13","modified_gmt":"2019-01-02T10:44:13","slug":"izvjesce-o-radu-za-2018-godinu","status":"publish","type":"post","link":"https:\/\/intendo-plus.com\/zuhcsd\/?p=2271","title":{"rendered":"IZVJE\u0160\u0106E O RADU ZA 2018. GODINU"},"content":{"rendered":"<p>                             <strong>IZVJE\u0160\u0106E O RADU ZA 2018. GODINU<\/strong><\/p>\n<p>U 2018. godini proveli smo niz aktivnosti uz na\u0161e stalne ve\u0107 tradicionalne programe i sastanke.<br \/>\n16. sije\u010dnja obilje\u017eili smo stradavanje civila u logoru Bu\u010dje.<br \/>\n10. velja\u010de odr\u017ean je sastanak Izvr\u0161nog odbora na kojem se govorilo o raspisanim natje\u010dajima Ministarstva hrvatskih branitelja, te se donijela odluka koji \u0107e se projekti prijaviti na natje\u010daje.<br \/>\nU velja\u010di je odr\u017ean sastanak obitelji nestalih iz Hrvatske sa predsjednikom Republike Srbije Aleksandrom Vu\u010di\u0107em na kojemu su sudjelovali predstavnici Zajednice: Julijana Rosandi\u0107, Slavica Marinovi\u0107, Dinko Miovec, Marica Salaj.<br \/>\n21. velja\u010de sudjelovali smo na sastanku s generalnim direktorom Me\u0111unarodnog odbora Crvenog kri\u017ea gosp.Daccordom u prostorijama Crvenog kri\u017ea u Zagrebu. Radilo se o razgovoru s obiteljima nestalih te ulozi Crvenog kri\u017ea u rje\u0161avanju tog pitanja.<br \/>\n27.velja\u010de odr\u017ean je sastanak braniteljskih i stradalni\u010dkih udruga u Uredu Predsjednice RH s predsjednicom Kolindom Grabar Kitarovi\u0107. Na sastanku su sudjelovale Julijana Rosandi\u0107 i Slavica Marinovi\u0107.<br \/>\n7. o\u017eujka 2018. godine odr\u017ean je sastanak Radne skupine za izradu Nacrta prijedloga Zakona o pravima vojnih i civilnih stradalnika rata te \u010dlanova njihovih obitelji \u2013 to je bio prvi sastanak Radne skupine.<br \/>\nOd 12. do 14. o\u017eujka u Impact centru u Zadru u organizaciji Nacionalne zaklade za razvoj civilnog dru\u0161tva odr\u017eane su radionice; Kvalitetna priprema prijava na ESF natje\u010daje i Dru\u0161tveno poduzetni\u0161tvo u teoriji i praksi te sastanak udruga, Nacionale zaklade i Ministarstva hrvatskih branitelja.<br \/>\n21. travnja odr\u017ean je IZBORNI SABOR Zajednice udruga na kojem je za predsjednicu izabrana Julijana Rosandi\u0107, za dopredsjednike Dinko Miovec i Ru\u017eica Bisaha.<br \/>\nOd 9. do 13.travnja Ministarstvo hrvatskih branitelja i Nacionalna zaklada za razvoj civilnog dru\u0161tva organizirali su izobrazbu Kvalitetna priprema prijava na ESF natje\u010daje, izobrazba se odr\u017eavala tjedan dana u Ministarstvu hrvatskih branitelja.<br \/>\n10. svibnja odr\u017ean je sastanak Radne skupine za Zakon o nestalima.<br \/>\n9. svibnja odr\u017ean je Operativni sastanak u Ministarstvu hrvatskih branitelja, predstavljanje EU projekta \u201eJa\u010danje kapaciteta stru\u010dnjaka koji pru\u017eaju psihosocijalnu skrb za hrvatske branitelje i stradalnike Domovinskog rata \u2013 faza 1<br \/>\n15. svibnja \u2013 12.lipnja odr\u017eana je Edukacija iz podru\u010dja E-u\u010denja koju je organizirala Nacionalna zaklada u suradnji sa Sveu\u010dili\u0161nim ra\u010dunskim centrom Sveu\u010dili\u0161ta u Zagrebu. Na edukaciji je sudjelovala Ivana Marinovi\u0107.<br \/>\n26. svibnja odr\u017ean je Susret obitelji poginule djece \u201eMali kri\u017e-Velika \u017ertva\u201c pod visokim pokroviteljstvom Predsjednice RH.<br \/>\n14. lipnja odr\u017eano je predavanje \u201eJavne politike u Hrvatskoj\u201c. Predavanje je organizirala Zajednica udruga uz potporu Nacionalne zaklade a na predavanju su osim Zajednice sudjelovali i \u010dlanovi Saveza udruga obitelji zato\u010denih i nestalih hrvatskih branitelja i Udruga djece poginulih i nestalih hrvatskih branitelja. Predava\u010dica je bila doc.dr.sc.Ana Petek s Fakulteta politi\u010dkih znanosti u Zagrebu.<br \/>\nOd 22. svibnja do 24. svibnja odr\u017ean je sastanak Upravnog odbora Regionalne koordinacije udruga obitelji nestalih osoba u Podgorici. Na sastanku su sudjelovale \u010dlanice Upravnog odbora iz Hrvatske Slavica Marinovi\u0107 i Ljiljana Alvir.<br \/>\n6. lipnja odr\u017ean je drugi sastanak Radne skupine za Zakon o civilnim stradalnicima.<br \/>\n07. lipnja odr\u017ean je sastanak u Nacionalnoj zakladi za razvoj civilnog dru\u0161tva \u2013 Informiranje o otvorenom natje\u010daju Tematske mre\u017ee za dru\u0161tveno-ekonomski razvoj te promicanje socijalnog dijaloga u kontekstu unapre\u0111ivanja uvjeta rada.<br \/>\n27. lipnja odr\u017ean je sastanak Upravnog odbora Regionalne koordinacije udruga obitelji nestalih u Beogradu (usvajanje godi\u0161njem financijskok izvje\u0161\u0107a, informacija o apliciranim projektima i pripreme za 15.Regionalnu konferenciju te analiza sastanka u Podgorici)<br \/>\n10. srpnja odr\u017ean je Western Balkans Summit. U sklopu summita uprili\u010deno je primanje kod Princa od Walesa. Princ od Walesa primio je obitelji nestalih zajedno sa dr\u017eavnicima sudionicima summita u St.James pala\u010di. Na primanju su bile nazo\u010dne uz premijera Andreja Plenkovi\u0107a, Slavica Marinovi\u0107 i Ljiljana Alvir.<br \/>\n28. kolovoza u Sarajevu odr\u017eana je 15. Regionalna konferencija o nestalim pod nazivom \u201eGdje je?\u201c Na konferenciji su sudjelovali: Julijana Rosandi\u0107, Slavica Marinovi\u0107, Marica Salaj, Ivana Marinovi\u0107, Dinko Miovec.<br \/>\n30. kolovoza obilje\u017eili smo Me\u0111unarodni dan nestalih koji je ove godine odr\u017ean u Karlovcu. Na obilje\u017eavanju su bili nazo\u010dni i ministar hrvatskih branitelja Tomo Medved i predsjednica RH Kolinda Grabar Kitarovi\u0107.<br \/>\n14. rujna odr\u017ean je sastanak Izvr\u0161nog odbora Zajednice udruga.<br \/>\n17. rujna sudjelovali smo na radionici \u201eRazvoj i \u0161irenje izvaninstitucionalnih usluga za hrvatske branitelje i stradalnike Domovinskog rata.<br \/>\n19. rujna odr\u017ean je radni sastanak u Ministarstvu hrvatskih branitelja.<br \/>\n26. rujna do 29. rujna odr\u017eani su Sportsko-rekreativni i kreativni susreti civilnih stradalnika u Selcu.<br \/>\n9. listopada odr\u017ean je sastanak s glavnim tu\u017eiteljem Sergeom Brammertzom (sagledavanje polo\u017eaja i prava civilnih \u017ertava rata u RH)<br \/>\nU mjesecu listopadu odr\u017eana su i dva sastanka Izvr\u0161nog odbora. Na jednom od tih sastanaka potvr\u0111en je plan aktivnosti odnosno projekata za Nacionalnu zakladu za razvoj civilnog dru\u0161tva.<br \/>\n21. listopada obilje\u017eili smo stradanje u Ba\u0107inu polaganjem vijenca i svije\u0107a.<br \/>\n29. listopada odr\u017ean je radni sastanak u Ministarstvu hrvatskih branitelja vezano za zakon.<br \/>\n5. studenog odr\u017eana je konferencija 9.Centra znanja pod nazivom \u201eIskorak hrvatskih branitelja i stradalnika iz Domovinskog rata u civilnom dru\u0161tvu. Konferencija je odr\u017eana u Domu specijalne policije. Na konferenciji je prikazana detaljna prezentacija o 23 godine rada Zajednice koju je prezentirala Ivana Marinovi\u0107.<br \/>\n17. studenog polo\u017eili smo vijenac na groblju Miro\u0161evac u Zagrebu povodom 27 godina stradanja \u0160kabrnje i Vukovara.<br \/>\n18. studenog polo\u017een je vijenac u \u0160kabrnji a 19. na Borovo commercu, farmi Lovas.<br \/>\nU studenom je odr\u017ean i sastanak Vladinog povjerenstva za osobe s invaliditetom na kojem je sudjelovala Julijana Rosandi\u0107, \u010dlanica Povjerenstva.<br \/>\n7. prosinca je odr\u017eana i tribina \u201ePsiholo\u0161ke posljedice rata na djecu \u017ertve rata\u201c.  Tribinu je organizirala Zajednica udruga uz financijsku potporu Nacionalne zaklade za razvoj civilnog dru\u0161tva. Na tribini su osim Zajednice bili nazo\u010dni i \u010dlanovi Saveza udruga obitelji zato\u010denih i nestalih hrvatskih branitelja i Udruge djece poginulih i nestalih hrvatskih branitelja. Predava\u010dica na tribini je bila dr.sc.Gordana Kuterovac Jagodi\u0107 s Katedre za razvojnu psihologiju Filozofskog fakulteta u Zagrebu.<br \/>\n13. prosinca odr\u017eana je Konferencija o nestalim osobama i sastanak Upravnog odbora Regionalne koordinacije udruga obitelji nestalih u Sarajevu.<br \/>\n13.12. obilje\u017eeno je stradanje civila u Vo\u0107inu.<br \/>\nU prosincu je odr\u017ean i zavr\u0161ni sastanak Izvr\u0161nog i Nadzornog odbora Zajednice udruga uz prigodni bo\u017ei\u0107ni domjenak.<br \/>\n28. prosinca sudjelovali smo na edukaciji Strate\u0161ko upravljanje i sustav unutarnje kontrole organizacija civilnog dru\u0161tva, u organizaciji Saveza udruga obitelji zato\u010denih i nestalih hrvatskih branitelja.<br \/>\nUz sve navedeno sudjelovali smo u obilje\u017eavanju dr\u017eavnih obljetnica i blagdana: Dana dr\u017eavnosti, Dana neovisnosti, Dana Hrvatskog Sabora.<\/p>\n","protected":false},"excerpt":{"rendered":"<p>IZVJE\u0160\u0106E O RADU ZA 2018. GODINU U 2018. godini proveli smo niz aktivnosti uz na\u0161e stalne ve\u0107 tradicionalne programe i sastanke. 16. sije\u010dnja obilje\u017eili smo stradavanje civila u logoru Bu\u010dje. 10. velja\u010de odr\u017ean je sastanak Izvr\u0161nog odbora na kojem se govorilo o raspisanim natje\u010dajima Ministarstva hrvatskih branitelja, te se donijela odluka koji \u0107e se projekti&#8230; <a class=\"more\" href=\"https:\/\/intendo-plus.com\/zuhcsd\/?p=2271\">Continue reading &rarr;<\/a><\/p>\n","protected":false},"author":1,"featured_media":2272,"comment_status":"closed","ping_status":"closed","sticky":false,"template":"","format":"standard","meta":{"ngg_post_thumbnail":0},"categories":[8],"tags":[65,64],"_links":{"self":[{"href":"https:\/\/intendo-plus.com\/zuhcsd\/index.php?rest_route=\/wp\/v2\/posts\/2271"}],"collection":[{"href":"https:\/\/intendo-plus.com\/zuhcsd\/index.php?rest_route=\/wp\/v2\/posts"}],"about":[{"href":"https:\/\/intendo-plus.com\/zuhcsd\/index.php?rest_route=\/wp\/v2\/types\/post"}],"author":[{"embeddable":true,"href":"https:\/\/intendo-plus.com\/zuhcsd\/index.php?rest_route=\/wp\/v2\/users\/1"}],"replies":[{"embeddable":true,"href":"https:\/\/intendo-plus.com\/zuhcsd\/index.php?rest_route=%2Fwp%2Fv2%2Fcomments&post=2271"}],"version-history":[{"count":1,"href":"https:\/\/intendo-plus.com\/zuhcsd\/index.php?rest_route=\/wp\/v2\/posts\/2271\/revisions"}],"predecessor-version":[{"id":2273,"href":"https:\/\/intendo-plus.com\/zuhcsd\/index.php?rest_route=\/wp\/v2\/posts\/2271\/revisions\/2273"}],"wp:featuredmedia":[{"embeddable":true,"href":"https:\/\/intendo-plus.com\/zuhcsd\/index.php?rest_route=\/wp\/v2\/media\/2272"}],"wp:attachment":[{"href":"https:\/\/intendo-plus.com\/zuhcsd\/index.php?rest_route=%2Fwp%2Fv2%2Fmedia&parent=2271"}],"wp:term":[{"taxonomy":"category","embeddable":true,"href":"https:\/\/intendo-plus.com\/zuhcsd\/index.php?rest_route=%2Fwp%2Fv2%2Fcategories&post=2271"},{"taxonomy":"post_tag","embeddable":true,"href":"https:\/\/intendo-plus.com\/zuhcsd\/index.php?rest_route=%2Fwp%2Fv2%2Ftags&post=2271"}],"curies":[{"name":"wp","href":"https:\/\/api.w.org\/{rel}","templated":true}]}}