{"id":2142,"date":"2018-09-04T11:23:31","date_gmt":"2018-09-04T11:23:31","guid":{"rendered":"http:\/\/intendo-plus.com\/zuhcsd\/?p=2142"},"modified":"2018-09-04T11:25:43","modified_gmt":"2018-09-04T11:25:43","slug":"medunarodni-dan-nestalih-osoba","status":"publish","type":"post","link":"https:\/\/intendo-plus.com\/zuhcsd\/?p=2142","title":{"rendered":"Me\u0111unarodni dan nestalih osoba"},"content":{"rendered":"<div id=\"js_65c\" class=\"_5pbx userContent _3576\" style=\"color: #1d2129;\" data-ft=\"{&quot;tn&quot;:&quot;K&quot;}\">\n<p><!-- index.php -->\n<div\n\tclass=\"ngg-galleryoverview ngg-ajax-pagination-none\"\n\tid=\"ngg-gallery-2217-1\">\n\n    \t<div class=\"slideshowlink\">\n        <a href='https:\/\/intendo-plus.com\/zuhcsd\/index.php\/nggallery\/slideshow?p=2142'>[Show slideshow]<\/a>\n\t\t\n\t<\/div>\n\t\t\t<!-- Thumbnails -->\n\t\t\t\t<div id=\"ngg-image-0\" class=\"ngg-gallery-thumbnail-box\" >\n\t\t\t\t        <div class=\"ngg-gallery-thumbnail\">\n            <a href=\"https:\/\/intendo-plus.com\/zuhcsd\/wp-content\/gallery\/medunarodni-dan-nestalih-3\/DSC_2429.jpg\"\n               title=\"\"\n               data-src=\"https:\/\/intendo-plus.com\/zuhcsd\/wp-content\/gallery\/medunarodni-dan-nestalih-3\/DSC_2429.jpg\"\n               data-thumbnail=\"https:\/\/intendo-plus.com\/zuhcsd\/wp-content\/gallery\/medunarodni-dan-nestalih-3\/thumbs\/thumbs_DSC_2429.jpg\"\n               data-image-id=\"802\"\n               data-title=\"DSC_2429\"\n               data-description=\"\"\n               data-image-slug=\"dsc_2429-2\"\n               class=\"ngg-fancybox\" rel=\"2217\">\n                <img\n                    title=\"DSC_2429\"\n                    alt=\"DSC_2429\"\n                    src=\"https:\/\/intendo-plus.com\/zuhcsd\/wp-content\/gallery\/medunarodni-dan-nestalih-3\/thumbs\/thumbs_DSC_2429.jpg\"\n                    width=\"120\"\n                    height=\"90\"\n                    style=\"max-width:100%;\"\n                \/>\n            <\/a>\n        <\/div>\n\t\t\t\t\t\t\t<\/div> \n\t\t\t\n        \n\t\t\t\t<div id=\"ngg-image-1\" class=\"ngg-gallery-thumbnail-box\" >\n\t\t\t\t        <div class=\"ngg-gallery-thumbnail\">\n            <a href=\"https:\/\/intendo-plus.com\/zuhcsd\/wp-content\/gallery\/medunarodni-dan-nestalih-3\/DSC_2405_1.jpg\"\n               title=\"\"\n               data-src=\"https:\/\/intendo-plus.com\/zuhcsd\/wp-content\/gallery\/medunarodni-dan-nestalih-3\/DSC_2405_1.jpg\"\n               data-thumbnail=\"https:\/\/intendo-plus.com\/zuhcsd\/wp-content\/gallery\/medunarodni-dan-nestalih-3\/thumbs\/thumbs_DSC_2405_1.jpg\"\n               data-image-id=\"803\"\n               data-title=\"DSC_2405_1\"\n               data-description=\"\"\n               data-image-slug=\"dsc_2405_1-2\"\n               class=\"ngg-fancybox\" rel=\"2217\">\n                <img\n                    title=\"DSC_2405_1\"\n                    alt=\"DSC_2405_1\"\n                    src=\"https:\/\/intendo-plus.com\/zuhcsd\/wp-content\/gallery\/medunarodni-dan-nestalih-3\/thumbs\/thumbs_DSC_2405_1.jpg\"\n                    width=\"120\"\n                    height=\"90\"\n                    style=\"max-width:100%;\"\n                \/>\n            <\/a>\n        <\/div>\n\t\t\t\t\t\t\t<\/div> \n\t\t\t\n        \n\t\t\t\t<div id=\"ngg-image-2\" class=\"ngg-gallery-thumbnail-box\" >\n\t\t\t\t        <div class=\"ngg-gallery-thumbnail\">\n            <a href=\"https:\/\/intendo-plus.com\/zuhcsd\/wp-content\/gallery\/medunarodni-dan-nestalih-3\/DSC_0808.jpg\"\n               title=\"\"\n               data-src=\"https:\/\/intendo-plus.com\/zuhcsd\/wp-content\/gallery\/medunarodni-dan-nestalih-3\/DSC_0808.jpg\"\n               data-thumbnail=\"https:\/\/intendo-plus.com\/zuhcsd\/wp-content\/gallery\/medunarodni-dan-nestalih-3\/thumbs\/thumbs_DSC_0808.jpg\"\n               data-image-id=\"804\"\n               data-title=\"DSC_0808\"\n               data-description=\"\"\n               data-image-slug=\"dsc_0808-2\"\n               class=\"ngg-fancybox\" rel=\"2217\">\n                <img\n                    title=\"DSC_0808\"\n                    alt=\"DSC_0808\"\n                    src=\"https:\/\/intendo-plus.com\/zuhcsd\/wp-content\/gallery\/medunarodni-dan-nestalih-3\/thumbs\/thumbs_DSC_0808.jpg\"\n                    width=\"120\"\n                    height=\"90\"\n                    style=\"max-width:100%;\"\n                \/>\n            <\/a>\n        <\/div>\n\t\t\t\t\t\t\t<\/div> \n\t\t\t\n        \n\t\t\n\t\t<!-- Pagination -->\n\t<div class='ngg-clear'><\/div>\t<\/div>\nOvogodi\u0161nje sredi\u0161nje obilje\u017eavanje Me\u0111unarodnog dana nestalih osoba odr\u017eano je u \u010detvrtak, 30. kolovoza 2018. godine, u Karlovcu pod visokim pokroviteljstvom Predsjednice Republike Hrvatske Kolinde Grabar Kitarovi\u0107, pokroviteljstvom Ministarstva hrvatskih branitelja te supokroviteljstvom i potporom Karlova\u010dke \u017eupanije, Grada Karlovca, Hrvatskog Crvenog kri\u017ea i Me\u0111unarodnog odbora Crvenoga kri\u017ea te Nacionalnog sveti\u0161ta sv. Josipa u Karlovcu, u organizaciji Saveza udruga obitelji zato\u010denih i nestalih hrvatskih branitelja, Zajednice udruga hrvatskih civilnih stradalnika Domovinskoga rata i Udruge djece poginulih i nestalih hrvatskih branitelja Domovinskog rata.<\/p>\n<p>U sje\u0107anje na sve nestale civile i branitelje polo\u017eeni su vijenci i zapaljene svije\u0107e na spomeniku poginulim hrvatskim braniteljima &#8220;\u010cetiri rijeke&#8221;.\u00a0<span style=\"color: #424242;\">Vijence su polo\u017eila izaslanstva Predsjednice Republike Hrvatske, predsjednika Hrvatskog Sabora i predsjednika Vlade RH, predstavnici ministarstava hrvatskih branitelja, unutarnjih poslova i obrane, predstavnici regionalne i lokalne samouprave, Hrvatskog crvenog kri\u017ea kao i udruga koje okupljaju \u010dlanove obitelji nestalih hrvatskih branitelja i civila. U Nacionalnom sveti\u0161tu sv. Josipa u Karlovcu slu\u017eena je\u00a0 Sveta misa za sve poginule, ubijene i nestale hrvatske branitelje i civilne \u017ertve iz Domovinskoga rata.<\/span><\/p>\n<p>Nakon odr\u017eavanja mise obilje\u017eavanje je nastavljeno prigodnim programom na \u0160etali\u0161tu dr. Franje Tu\u0111mana u Karlovcu.<\/p>\n<p><span style=\"color: #424242;\">\u00a0\u201eDana\u0161nji dan dodatno poziva na odgovornost svakoga od nas kako se ovakvi doga\u0111aji vi\u0161e ne bi ponovili, odgovornost u pronalasku po\u010dinitelja i priznavanju patnji i prava onima koji tragaju za svojim najbli\u017eima. Stoga i ovim putem apeliram na savjest svih koji imaju bilo kakva saznanja o nestalim osobama i prikrivenim grobnicama, da ih podijele s Ministarstvom unutarnjih poslova\u201c, naglasio je izaslanik predsjednika Vlade RH, ministar Medved.<\/span><\/p>\n<p><span style=\"color: #424242;\">\u00a0\u201eNema ni jednog opravdanog razloga da se odugovla\u010di s rje\u0161avanjem ovog problema. Bez ostvarivanja prava na dostojanstven ukop i obilje\u017een grob ne mo\u017eemo govoriti o pravdi, moralu, europskim vrijednostima, niti o bilo kakvim civilizacijskim dosezima. \u017delim vjerovati kako u Republici Srbiji postoji dobra volja u kona\u010dno rje\u0161avanje ovoga pitanja i nadam se da \u0107emo sljede\u0107ih dana i mjeseci posti\u0107i napredak\u201c, istaknula je predsjednica, izraziv\u0161i zahvalu i po\u0161tovanje Ministarstvu hrvatskih branitelja za ulo\u017eeni trud u rje\u0161avanju pitanja nestalih osoba.<\/span><\/p>\n<p style=\"color: #3e3d40;\">Velikosrpska agresija zadala je Republici Hrvatskoj mnogo rana, ali rana nestalih najve\u0107a je od sviju. Materijalne \u0161tete smo obnovili, \u017ertve smo dostojno pokopali i mo\u017eemo im s po\u0161tovanjem iskazivati po\u010dast, ali sudbinu nestalih jo\u0161 nismo razrije\u0161ili. Taj moralni dug na\u0161im nestalima i njihovim obiteljima kao dr\u017eava jo\u0161 nismo ispunili\u201c, kazala je Predsjednica Republike. Istaknula je kako je od po\u010detka preuzimanja predsjedni\u010dke du\u017enosti rje\u0161avanje pitanja pronalaska nestalih osoba uvrstila me\u0111u svoje prioritetne zada\u0107e.<\/p>\n<p style=\"color: #3e3d40;\">\u201ePosebice sam inzistirala na obnovi politi\u010dkog dijaloga s Republikom Srbijom, \u0161to je preduvjet za \u017eeljeni napredak prema kona\u010dnom rje\u0161avanju tog te\u0161kog humanitarnog, ali i politi\u010dkog pitanja. To je bio klju\u010dan razlog mojega poziva u Hrvatsku srbijanskom predsjedniku Vu\u010di\u0107u u velja\u010di ove godine\u201c, nastavila je Predsjednica. Podsjetila je kako je bilo odre\u0111enih malih pomaka nakon tog sastanka u kontekstu otvaranja boljeg me\u0111usobnog dijaloga te kako nema nijednog opravdanog razloga da se s rje\u0161avanjem ovog problema odugovla\u010di. Predsjednica Grabar-Kitarovi\u0107 je ponovila i da \u0107e na njegovu rje\u0161avanju i dalje inzistirati kao na klju\u010dnom elementu daljnjeg dijaloga i pune normalizacije odnosa izme\u0111u dviju dr\u017eava, kao i hrvatske potpore ulasku Srbije u Europsku uniju.<\/p>\n<p style=\"color: #3e3d40;\">\u00a0\u201eDr\u017eim da je to politi\u010dki minimum ispod kojega nitko u Hrvatskoj ne smije i\u0107i, a ujedno humanitarni maksimum, na koji imamo pravo kao dr\u017eava koja tra\u017ei svoje gra\u0111ane, na koji imaju pravo sve obitelji koje jo\u0161 tragaju za svojim najmilijima\u201c, kazala je.<\/p>\n<p style=\"color: #3e3d40;\">Izrazila je uvjerenje kako u Republici Srbiji postoji dobra volja za kona\u010dno rje\u0161avanje tog pitanja nestalih te kazala kako je,\u00a0dala potporu tom procesu imenovanjem gospodina Ivice Vrki\u0107a, gradona\u010delnika Osijeka, svojim povjerenikom za nestale u Domovinskom ratu.<\/p>\n<\/div>\n<div class=\"_3x-2\" style=\"color: #1d2129;\" data-ft=\"{&quot;tn&quot;:&quot;H&quot;}\">\n<div data-ft=\"{&quot;tn&quot;:&quot;H&quot;}\">\n<div class=\"mtm\">\n<div class=\"_2a2q _65sr\"><a id=\"u_e3_9\" class=\"_5dec _xcx _487t\" style=\"color: #365899;\" href=\"https:\/\/web.facebook.com\/1484232198483402\/photos\/pcb.2186625181577430\/2186624708244144\/?type=3\" rel=\"theater\" data-referrerid=\"1484232198483402\" data-ploi=\"https:\/\/scontent-vie1-1.xx.fbcdn.net\/v\/t1.0-9\/40685559_2186624711577477_405705411098836992_o.jpg?_nc_cat=0&amp;oh=476dc15687b23f2eec6466fe950624bc&amp;oe=5C3729F5\" data-plsi=\"https:\/\/scontent-vie1-1.xx.fbcdn.net\/v\/t1.0-9\/40950791_2186624714910810_1142018708651114496_n.jpg?_nc_cat=0&amp;oh=151e4aca3627ae1f91f9eb04c3e40c84&amp;oe=5BF166FD\" data-render-location=\"homepage_stream\">\u00a0<\/a><\/div>\n<\/div>\n<\/div>\n<\/div>\n","protected":false},"excerpt":{"rendered":"<p>[Show slideshow] Ovogodi\u0161nje sredi\u0161nje obilje\u017eavanje Me\u0111unarodnog dana nestalih osoba odr\u017eano je u \u010detvrtak, 30. kolovoza 2018. godine, u Karlovcu pod visokim pokroviteljstvom Predsjednice Republike Hrvatske Kolinde Grabar Kitarovi\u0107, pokroviteljstvom Ministarstva hrvatskih branitelja te supokroviteljstvom i potporom Karlova\u010dke \u017eupanije, Grada Karlovca, Hrvatskog Crvenog kri\u017ea i Me\u0111unarodnog odbora Crvenoga kri\u017ea te Nacionalnog sveti\u0161ta sv. Josipa u Karlovcu,&#8230; <a class=\"more\" href=\"https:\/\/intendo-plus.com\/zuhcsd\/?p=2142\">Continue reading &rarr;<\/a><\/p>\n","protected":false},"author":1,"featured_media":2201,"comment_status":"closed","ping_status":"closed","sticky":false,"template":"","format":"standard","meta":{"ngg_post_thumbnail":0},"categories":[8],"tags":[],"_links":{"self":[{"href":"https:\/\/intendo-plus.com\/zuhcsd\/index.php?rest_route=\/wp\/v2\/posts\/2142"}],"collection":[{"href":"https:\/\/intendo-plus.com\/zuhcsd\/index.php?rest_route=\/wp\/v2\/posts"}],"about":[{"href":"https:\/\/intendo-plus.com\/zuhcsd\/index.php?rest_route=\/wp\/v2\/types\/post"}],"author":[{"embeddable":true,"href":"https:\/\/intendo-plus.com\/zuhcsd\/index.php?rest_route=\/wp\/v2\/users\/1"}],"replies":[{"embeddable":true,"href":"https:\/\/intendo-plus.com\/zuhcsd\/index.php?rest_route=%2Fwp%2Fv2%2Fcomments&post=2142"}],"version-history":[{"count":3,"href":"https:\/\/intendo-plus.com\/zuhcsd\/index.php?rest_route=\/wp\/v2\/posts\/2142\/revisions"}],"predecessor-version":[{"id":2219,"href":"https:\/\/intendo-plus.com\/zuhcsd\/index.php?rest_route=\/wp\/v2\/posts\/2142\/revisions\/2219"}],"wp:featuredmedia":[{"embeddable":true,"href":"https:\/\/intendo-plus.com\/zuhcsd\/index.php?rest_route=\/wp\/v2\/media\/2201"}],"wp:attachment":[{"href":"https:\/\/intendo-plus.com\/zuhcsd\/index.php?rest_route=%2Fwp%2Fv2%2Fmedia&parent=2142"}],"wp:term":[{"taxonomy":"category","embeddable":true,"href":"https:\/\/intendo-plus.com\/zuhcsd\/index.php?rest_route=%2Fwp%2Fv2%2Fcategories&post=2142"},{"taxonomy":"post_tag","embeddable":true,"href":"https:\/\/intendo-plus.com\/zuhcsd\/index.php?rest_route=%2Fwp%2Fv2%2Ftags&post=2142"}],"curies":[{"name":"wp","href":"https:\/\/api.w.org\/{rel}","templated":true}]}}