{"id":2126,"date":"2018-09-04T09:03:33","date_gmt":"2018-09-04T09:03:33","guid":{"rendered":"http:\/\/intendo-plus.com\/zuhcsd\/?p=2126"},"modified":"2018-09-04T09:03:33","modified_gmt":"2018-09-04T09:03:33","slug":"primanje-kod-princa-od-walesa","status":"publish","type":"post","link":"https:\/\/intendo-plus.com\/zuhcsd\/?p=2126","title":{"rendered":"Primanje kod Princa od Walesa"},"content":{"rendered":"<div id=\"js_1po\" class=\"_5pbx userContent _3576\" style=\"color: #1d2129;\" data-ft=\"{&quot;tn&quot;:&quot;K&quot;}\">\n<div id=\"id_5b8e4947d1d823422143175\" class=\"text_exposed_root text_exposed\">\n<p>10. srpnja 2018. godine u sklopu summita Zapadnog Balkana Njegovo Kraljevsko Viso\u010danstvo Princ od Walesa primio je predstavnike obitelji nestalih zajedno sa svim dr\u017eavnicima sudionicima summita. Primanje je uprili\u010deno u St. James pala\u010di kao dio summita Zapadnog Balkana.<br \/>\nU svom govoru Princ od Walesa istaknuo je kako ima posebne uspomene na posjet zemljama regije 2016. godine te kako je upoznao \u010dlanove obitelji nestalih i \u010duo brojne potresne pri\u010de. Istaknuo je kako je njihovo<span class=\"text_exposed_show\">\u00a0dostojanstvo i humanost pouka svima nama i njihova odlu\u010dnost da unato\u010d patnjama grade bolju budu\u0107nost, te kako je na podru\u010dju Zapadnog Balkana puno toga u\u010dinjeno ali jo\u0161 puno toga je ostalo za u\u010diniti.<\/span><\/p>\n<div class=\"text_exposed_show\">\n<p>Na summitu je potpisan niz deklaracija koje se odnose na dobrosusjedstvo, na pitanje potrage za nestalim osobama, te na pitanje suradnje u procesiranju ratnih zlo\u010dina.<\/p>\n<\/div>\n<\/div>\n<\/div>\n<div class=\"_3x-2\" style=\"color: #1d2129;\" data-ft=\"{&quot;tn&quot;:&quot;H&quot;}\">\n<div data-ft=\"{&quot;tn&quot;:&quot;H&quot;}\">\n<div class=\"mtm\">\n<div class=\"_2a2q _65sr\"><a id=\"u_4j_9\" class=\"_5dec _xcx _487t\" style=\"color: #365899;\" href=\"https:\/\/web.facebook.com\/1484232198483402\/photos\/pcb.2146090902297525\/2146077372298878\/?type=3\" rel=\"theater\" data-referrerid=\"1484232198483402\" data-ploi=\"https:\/\/scontent-vie1-1.xx.fbcdn.net\/v\/t1.0-9\/37722922_2146077378965544_8853637084234121216_o.jpg?_nc_cat=0&amp;oh=db8b1302ac4c864ebb84ff407d2c5e85&amp;oe=5C349946\" data-plsi=\"https:\/\/scontent-vie1-1.xx.fbcdn.net\/v\/t1.0-9\/37767202_2146077375632211_2747735044494721024_n.jpg?_nc_cat=0&amp;oh=0c882229a22fa4c726184510388e4713&amp;oe=5BF50116\" data-render-location=\"homepage_stream\">\u00a0<\/a><\/div>\n<\/div>\n<\/div>\n<\/div>\n","protected":false},"excerpt":{"rendered":"<p>10. srpnja 2018. godine u sklopu summita Zapadnog Balkana Njegovo Kraljevsko Viso\u010danstvo Princ od Walesa primio je predstavnike obitelji nestalih zajedno sa svim dr\u017eavnicima sudionicima summita. Primanje je uprili\u010deno u St. James pala\u010di kao dio summita Zapadnog Balkana. U svom govoru Princ od Walesa istaknuo je kako ima posebne uspomene na posjet zemljama regije 2016&#8230;. <a class=\"more\" href=\"https:\/\/intendo-plus.com\/zuhcsd\/?p=2126\">Continue reading &rarr;<\/a><\/p>\n","protected":false},"author":1,"featured_media":2133,"comment_status":"closed","ping_status":"closed","sticky":false,"template":"","format":"standard","meta":{"ngg_post_thumbnail":0},"categories":[8],"tags":[],"_links":{"self":[{"href":"https:\/\/intendo-plus.com\/zuhcsd\/index.php?rest_route=\/wp\/v2\/posts\/2126"}],"collection":[{"href":"https:\/\/intendo-plus.com\/zuhcsd\/index.php?rest_route=\/wp\/v2\/posts"}],"about":[{"href":"https:\/\/intendo-plus.com\/zuhcsd\/index.php?rest_route=\/wp\/v2\/types\/post"}],"author":[{"embeddable":true,"href":"https:\/\/intendo-plus.com\/zuhcsd\/index.php?rest_route=\/wp\/v2\/users\/1"}],"replies":[{"embeddable":true,"href":"https:\/\/intendo-plus.com\/zuhcsd\/index.php?rest_route=%2Fwp%2Fv2%2Fcomments&post=2126"}],"version-history":[{"count":1,"href":"https:\/\/intendo-plus.com\/zuhcsd\/index.php?rest_route=\/wp\/v2\/posts\/2126\/revisions"}],"predecessor-version":[{"id":2141,"href":"https:\/\/intendo-plus.com\/zuhcsd\/index.php?rest_route=\/wp\/v2\/posts\/2126\/revisions\/2141"}],"wp:featuredmedia":[{"embeddable":true,"href":"https:\/\/intendo-plus.com\/zuhcsd\/index.php?rest_route=\/wp\/v2\/media\/2133"}],"wp:attachment":[{"href":"https:\/\/intendo-plus.com\/zuhcsd\/index.php?rest_route=%2Fwp%2Fv2%2Fmedia&parent=2126"}],"wp:term":[{"taxonomy":"category","embeddable":true,"href":"https:\/\/intendo-plus.com\/zuhcsd\/index.php?rest_route=%2Fwp%2Fv2%2Fcategories&post=2126"},{"taxonomy":"post_tag","embeddable":true,"href":"https:\/\/intendo-plus.com\/zuhcsd\/index.php?rest_route=%2Fwp%2Fv2%2Ftags&post=2126"}],"curies":[{"name":"wp","href":"https:\/\/api.w.org\/{rel}","templated":true}]}}