{"id":2024,"date":"2018-02-27T11:27:32","date_gmt":"2018-02-27T11:27:32","guid":{"rendered":"http:\/\/intendo-plus.com\/zuhcsd\/?p=2024"},"modified":"2018-02-27T11:31:02","modified_gmt":"2018-02-27T11:31:02","slug":"generalni-direktor-medunarodnog-odbora-crvenog-kriza-yves-daccord-na-sastanku-s-obiteljima-nestalih","status":"publish","type":"post","link":"https:\/\/intendo-plus.com\/zuhcsd\/?p=2024","title":{"rendered":"Generalni direktor Me\u0111unarodnog odbora Crvenog kri\u017ea Yves Daccord na sastanku s obiteljima nestalih"},"content":{"rendered":"<p>21. velja\u010de 2018. godine u Zagreb je stigao generalni direktor Me\u0111unarodnog odbora Crvenog kri\u017ea Yves Daccord zajedno sa Severine Chappaz, koordinatoricom operacija za Europu i Centralnu Aziju te Jelenom Stija\u010di\u0107, voditeljicom Regionalne delegacije MCOK-a.<br \/>\nGospodin Daccord zamolio je za sastanak s \u010dlanovima obitelji i predstavnicima udruga obitelji nestalih osoba. Sastanak je odr\u017ean u prostorijama Hrvatskog Crvenog kri\u017ea u Zagrebu.<br \/>\nObitelji i predstavnici udruga obitelji nestalih osoba iznijeli su svoje osobne pri\u010de te su postavljana pitanja te izno\u0161ena vi\u0111enja mogu\u0107nosti ka u rje\u0161avanju ovog pitanja te uloge Crvenog kri\u017ea u pobolj\u0161anju i napretku pronala\u017eenja nestalih osoba.<br \/>\n<div id='gallery-1' class='gallery galleryid-2024 gallery-columns-3 gallery-size-thumbnail'><dl class='gallery-item'>\n\t\t\t<dt class='gallery-icon landscape'>\n\t\t\t\t<a href='https:\/\/intendo-plus.com\/zuhcsd\/?attachment_id=2026'><img width=\"150\" height=\"150\" src=\"https:\/\/intendo-plus.com\/zuhcsd\/wp-content\/uploads\/2018\/02\/28061597_1464387317006964_7192681549185688249_o-150x150.jpg\" class=\"attachment-thumbnail size-thumbnail\" alt=\"\" decoding=\"async\" loading=\"lazy\" srcset=\"https:\/\/intendo-plus.com\/zuhcsd\/wp-content\/uploads\/2018\/02\/28061597_1464387317006964_7192681549185688249_o-150x150.jpg 150w, https:\/\/intendo-plus.com\/zuhcsd\/wp-content\/uploads\/2018\/02\/28061597_1464387317006964_7192681549185688249_o-50x50.jpg 50w\" sizes=\"(max-width: 150px) 100vw, 150px\" \/><\/a>\n\t\t\t<\/dt><\/dl><dl class='gallery-item'>\n\t\t\t<dt class='gallery-icon landscape'>\n\t\t\t\t<a href='https:\/\/intendo-plus.com\/zuhcsd\/?attachment_id=2027'><img width=\"150\" height=\"150\" src=\"https:\/\/intendo-plus.com\/zuhcsd\/wp-content\/uploads\/2018\/02\/28071297_1464387197006976_6658605120872052604_o-150x150.jpg\" class=\"attachment-thumbnail size-thumbnail\" alt=\"\" decoding=\"async\" loading=\"lazy\" srcset=\"https:\/\/intendo-plus.com\/zuhcsd\/wp-content\/uploads\/2018\/02\/28071297_1464387197006976_6658605120872052604_o-150x150.jpg 150w, https:\/\/intendo-plus.com\/zuhcsd\/wp-content\/uploads\/2018\/02\/28071297_1464387197006976_6658605120872052604_o-50x50.jpg 50w\" sizes=\"(max-width: 150px) 100vw, 150px\" \/><\/a>\n\t\t\t<\/dt><\/dl><dl class='gallery-item'>\n\t\t\t<dt class='gallery-icon landscape'>\n\t\t\t\t<a href='https:\/\/intendo-plus.com\/zuhcsd\/?attachment_id=2028'><img width=\"150\" height=\"150\" src=\"https:\/\/intendo-plus.com\/zuhcsd\/wp-content\/uploads\/2018\/02\/28164377_1464387310340298_5228676613917035565_o-150x150.jpg\" class=\"attachment-thumbnail size-thumbnail\" alt=\"\" decoding=\"async\" loading=\"lazy\" srcset=\"https:\/\/intendo-plus.com\/zuhcsd\/wp-content\/uploads\/2018\/02\/28164377_1464387310340298_5228676613917035565_o-150x150.jpg 150w, https:\/\/intendo-plus.com\/zuhcsd\/wp-content\/uploads\/2018\/02\/28164377_1464387310340298_5228676613917035565_o-50x50.jpg 50w\" sizes=\"(max-width: 150px) 100vw, 150px\" \/><\/a>\n\t\t\t<\/dt><\/dl><br style=\"clear: both\" \/>\n\t\t<\/div>\n<\/p>\n","protected":false},"excerpt":{"rendered":"<p>21. velja\u010de 2018. godine u Zagreb je stigao generalni direktor Me\u0111unarodnog odbora Crvenog kri\u017ea Yves Daccord zajedno sa Severine Chappaz, koordinatoricom operacija za Europu i Centralnu Aziju te Jelenom Stija\u010di\u0107, voditeljicom Regionalne delegacije MCOK-a. Gospodin Daccord zamolio je za sastanak s \u010dlanovima obitelji i predstavnicima udruga obitelji nestalih osoba. Sastanak je odr\u017ean u prostorijama Hrvatskog&#8230; <a class=\"more\" href=\"https:\/\/intendo-plus.com\/zuhcsd\/?p=2024\">Continue reading &rarr;<\/a><\/p>\n","protected":false},"author":1,"featured_media":2025,"comment_status":"closed","ping_status":"closed","sticky":false,"template":"","format":"standard","meta":{"ngg_post_thumbnail":0},"categories":[8],"tags":[],"_links":{"self":[{"href":"https:\/\/intendo-plus.com\/zuhcsd\/index.php?rest_route=\/wp\/v2\/posts\/2024"}],"collection":[{"href":"https:\/\/intendo-plus.com\/zuhcsd\/index.php?rest_route=\/wp\/v2\/posts"}],"about":[{"href":"https:\/\/intendo-plus.com\/zuhcsd\/index.php?rest_route=\/wp\/v2\/types\/post"}],"author":[{"embeddable":true,"href":"https:\/\/intendo-plus.com\/zuhcsd\/index.php?rest_route=\/wp\/v2\/users\/1"}],"replies":[{"embeddable":true,"href":"https:\/\/intendo-plus.com\/zuhcsd\/index.php?rest_route=%2Fwp%2Fv2%2Fcomments&post=2024"}],"version-history":[{"count":4,"href":"https:\/\/intendo-plus.com\/zuhcsd\/index.php?rest_route=\/wp\/v2\/posts\/2024\/revisions"}],"predecessor-version":[{"id":2032,"href":"https:\/\/intendo-plus.com\/zuhcsd\/index.php?rest_route=\/wp\/v2\/posts\/2024\/revisions\/2032"}],"wp:featuredmedia":[{"embeddable":true,"href":"https:\/\/intendo-plus.com\/zuhcsd\/index.php?rest_route=\/wp\/v2\/media\/2025"}],"wp:attachment":[{"href":"https:\/\/intendo-plus.com\/zuhcsd\/index.php?rest_route=%2Fwp%2Fv2%2Fmedia&parent=2024"}],"wp:term":[{"taxonomy":"category","embeddable":true,"href":"https:\/\/intendo-plus.com\/zuhcsd\/index.php?rest_route=%2Fwp%2Fv2%2Fcategories&post=2024"},{"taxonomy":"post_tag","embeddable":true,"href":"https:\/\/intendo-plus.com\/zuhcsd\/index.php?rest_route=%2Fwp%2Fv2%2Ftags&post=2024"}],"curies":[{"name":"wp","href":"https:\/\/api.w.org\/{rel}","templated":true}]}}