{"id":1977,"date":"2018-01-04T08:40:20","date_gmt":"2018-01-04T08:40:20","guid":{"rendered":"http:\/\/intendo-plus.com\/zuhcsd\/?p=1977"},"modified":"2018-01-04T09:50:23","modified_gmt":"2018-01-04T09:50:23","slug":"izvjesce-o-radu-za-2017-godinu","status":"publish","type":"post","link":"https:\/\/intendo-plus.com\/zuhcsd\/?p=1977","title":{"rendered":"IZVJE\u0160\u0106E O RADU ZA 2017. GODINU"},"content":{"rendered":"<p>&nbsp;<\/p>\n<p>U 2017. godini proveli smo mnoge aktivnosti. Osim uobi\u010dajenih sastanaka provodili smo razne aktivnosti unutar i izvan Hrvatske.<br \/>\n30. i 31. sije\u010dnja 2017. godine odr\u017ean je sastanak u Tuhelju sa Nacionalnom zakladom za razvoj civilnog dru\u0161tva i Ministarstvom hrvatskih branitelja. Na sastanku su bili nazo\u010dni predstavnici 16 udruga iz Domovinskog rata. Na sastanku je bio prisutan i ministar hrvatskih branitelja Tomo Medved. Potpisan je sporazum za nastavak financiranja uklju\u010divanjem u Centar znanja. Potpisan je Sporazum o Razvojnoj suradnji kroz programske podr\u0161ke u provo\u0111enju sustavne podr\u0161ke udrugama iz Domovinskog rata u Republici Hrvatskoj izme\u0111u dvije navedene institucije i pojedina\u010dni Sporazumi o prijelaznom razdoblju za uklju\u010divanje u Razvojnu suradnju u podru\u010dju Centara znanja.<\/p>\n<p>01. do 03. o\u017eujka 2017. sudjelovali smo na sastanku sa Nacionalnom zakladom za razvoj civilnog dru\u0161tva u Impact centru u Zadru. Prisutni su bili svi predstavnici svih 9 centara znanja za dru\u0161tveni razvoj u RH. Predstavnici udruga na ovom sastanku su dobili priliku predstaviti se te su predstavnici udruga iz Domovinskog rata predstavili su postignu\u0107a i izazove tijekom razdoblja provedbe institucionalne podr\u0161ke Nacionalne zaklade u razdoblju od 2014. do 2016. te su predstavili ukratko svoje planove za nadolaze\u0107e razdoblje. Zaklju\u010deno je kako \u0107e se osnovati radna skupina u kojoj \u0107e sudjelovati po jedan predstavnik iz svih Centara znanja. Tre\u0107eg dana analizirani su izazovi i prilike za organizacije civilnog dru\u0161tva u kori\u0161tenju sredstava iz Europskog socijalnog fonda. Na ovom sastanku ispred Zajednice udruga sudjelovala je Slavica Marinovi\u0107.<\/p>\n<p>8.o\u017eujka 2017.godine Me\u0111unarodna komisija za nestale osobe (ICMP) u suradnji s britanskim Ministarstvom vanjskih poslova organizirala je sastanak \u201eProfili nestalih\u201c koji se odr\u017eao u Clarence House u Londonu, slu\u017ebenoj rezidenciji Princa od Walesa u nazo\u010dnosti Njegovog Kraljevskog Viso\u010danstva, Princa od Walesa. Na sastanku se raspravljalo o ulozi dr\u017eava u regiji u rje\u0161avanju prava obitelji nestalih osoba. Svi britanski mediji objavili su navedeni sastanak. Na sastanku je u ime Zajednice udruga sudjelovala tajnica Zajednice g\u0111a Slavica Marinovi\u0107.<\/p>\n<p>15.o\u017eujka 2017. u Uredu Predsjednice RH na Pantov\u010daku odr\u017eao se sastanak \u010dlanova Upravnog odbora Regionalne koordinacije udruga obitelji nestalih osoba s podru\u010dja biv\u0161e Jugoslavije s Predsjednicom RH. Tema sastanka bila je proces rje\u0161avanja pitanja nestalih osoba s podru\u010dja biv\u0161e Jugoslavije te prava obitelji nestalih.<\/p>\n<p>21.o\u017eujka 2017. Odr\u017eala se Konferencija: Rasvjetljavanje istine o nestalim hrvatskim braniteljima i civilima u Domovinskom ratu u Europskom parlamentu u Bruxellesu na kojoj su sudjelovale predsjednica Zajednice udruga g\u0111a Julijana Rosandi\u0107 i tajnica Zajednice g\u0111a Slavica Marinovi\u0107. Na konferenciji su bili prisutni svi hrvatski zastupnici u Europskom parlamentu.<\/p>\n<p>6. svibnja raspisani su natje\u010daji Ministarstva hrvatskih branitelja na koje smo se prijavili sa sljede\u0107im projektima: Sje\u0107anje na poginulu djecu u Domovinskom ratu \u201eMali kri\u017e-Velika \u017ertva\u201c, Sportsko-rekreativni i kreativni susreti civilnih stradalnika i Putevima sje\u0107anja na civilne \u017ertve Domovinskog rata.<\/p>\n<p>24. i 25. svibnja predstavnici Zajednice sudjelovali su na Regionalnoj konferenciji o nestalim osobama pod nazivom: Proces ekshumacije i identifikacije nestalih osoba na podru\u010dju Bosne i Hercegovine koja se odr\u017eala u Sarajevu.<\/p>\n<p>27.svibnja 2017. odr\u017eali smo Susret obitelji poginule djece u Domovinskom ratu \u201eMali kri\u017e-Velika \u017ertva\u201c u Slavonskom Brodu. Odr\u017eana je sveta misa te prigodni program u Glazbenoj \u0161koli kao i polaganje vijenaca, ru\u017ea i svije\u0107a kod spomenika poginuloj djeci \u201ePrekinuto djetinjstvo\u201c. Prisutne su bile obitelji poginule djece iz svih krajeva Hrvatske, tj. svih \u017eupanijskih udruga od Vinkovaca do Dubrovnika te ostali \u010dlanovi Zajednice kao i gosti. Program je vodila g\u0111a Karmen Valenta. Prisutni su bili i gradona\u010delnik Slavonskog Broda Mirko Duspara, \u017eupan Brodsko-posavske \u017eupanije Danijel Maru\u0161i\u0107 te pomo\u0107nik ministra hrvatskih branitelja Nenad Kri\u017ei\u0107. Prisutni gosti bili su i predstavnici Saveza udruga obitelji zato\u010denih i nestalih hrvatskih branitelja.<\/p>\n<p>1. srpnja 2017. Zajednica udruga odr\u017eala je redovni Izvje\u0161tajni Sabor.<\/p>\n<p>28. kolovoza odr\u017eana je konferencija na temu: \u201eProces ekshumacije i identifikacije nestalih osoba na podru\u010dju RH. Konferencija se odr\u017eala u Zagrebu, u Hotelu Dubrovnik. Na konferenciji su sudjelovali predstavnici Zajednice udruga: Julijana Rosandi\u0107, Slavica Marinovi\u0107, Ivana Marinovi\u0107, Marica Salaj i Ivka Trajkovi\u0107.<\/p>\n<p>30.kolovoza obilje\u017eili smo Me\u0111unarodni dan nestalih u Osijeku u organizacija Saveza udruga obitelji nestalih i zato\u010denih hrvatskih branitelja i Zajednice udruga hrvatskih civilnih stradalnika iz Domovinskog rata i pod visokim pokroviteljstvom Predsjednice Republike Hrvatske Kolinde Grabar Kitarovi\u0107.<\/p>\n<p>Od 28.rujna do 1.listopada odr\u017eani su Sportsko-rekreativni i kreativni susreti civilnih stradalnika Domovinskog rata. Susreti su odr\u017eani u Selcu, Hotelu Selce. Osim sportskih natjecanja i kreativne radionice odr\u017ean je i aktualni sat na kojem se raspravljalo o Zakonu o civilnim stradalnicima a na pitanja prisutnih odgovarao je pomo\u0107nik ministra hrvatskih branitelja Nenad Kri\u017ei\u0107. Na otvorenju Susreta gost je bio i predstavnik Primorsko-goranske \u017eupanije gospodin Zlatko Mihelec, savjetnik za pravne poslove i razvoj civilnog dru\u0161tva. Voditeljica Susreta bila je g\u0111a Karmen Valenta.<\/p>\n<p>17.listopada sudjelovali smo na konferenciji u povodu 20 godina Ottawske konvencije.Poseban gost konferencije bio je biv\u0161i ministar vanjskih poslova Kanade Lloyd Axworthy, jedna od klju\u010dnih figura u nastanku Ottawske konvencije, koji je za taj doprinos bio nominiran za Nobelovu nagradu za mir. Naziv konferencije: Conference on the 20th Anniversary of the Anti-Personnel Mine Ban Convention: From the Ottawa Process Toward a Mine Free World. Konferenciju je organizirao Vladin Ured za razminiranje u suradnji s Veleposlanstvom Kanade u RH.<\/p>\n<p>21.listopada 2017. obilje\u017eili smo obljetnicu stradavanja civila u Ba\u0107inu.<br \/>\n24.i 25. listopada 2017.godine odr\u017eana je konferencija o pitanju nestalih osoba na Kosovu, u Pri\u0161tini. Hrvatski predstavnici na konferenciji bili su Slavica Marinovi\u0107 iz Zajednice udruga hrvatskih civilnih stradalnika iz Domovinskog rata Hrvatske te Ljiljana Alvir iz Saveza udruga obitelji zato\u010denih i nestalih hrvatskih branitelja.<\/p>\n<p>18.studenog obilje\u017eili smo sje\u0107anje na stradanje Vukovara i \u0160kabrnje. Jedan dio predstavnika Zajednice obilje\u017eio je sje\u0107anje na stradanje Vukovara a drugi dio je posjetio \u0160kabrnju te su polo\u017eili vijence i odali po\u010dast svim \u017ertvama.<br \/>\n19.studenog sudjelovali smo na obilje\u017eavanju sje\u0107anja na \u017ertve Borovo naselja, u prigodnom programu, kri\u017enom putu, svetoj misi i odavanju po\u010dasti na spomen obilje\u017ejima.<\/p>\n<p>2.prosinca 2017. u Hotelu Dubrovnik u Zagrebu odr\u017eali smo uz financijsku potporu Nacionalne zaklade za razvoj civilnog dru\u0161tva edukaciju pod nazivom \u201eTehnike uspje\u0161nog komuniciranja s javno\u0161\u0107u\u201c. Sudionici su bili predstavnici Zajednice udruga hrvatskih civilnih stradalnika Domovinskog rata te Saveza udruga obitelji zato\u010denih i nestalih hrvatskih branitelja. Edukaciju je organizirala Zajednica udruga a cjelodnevno predavanje odr\u017eala komunikacijska stru\u010dnjakinja Ivana Jele\u010d. Na edukaciji su polaznici savladali sva pravila uspje\u0161ne komunikacije s medijima, kada i kako poslati izjavu za medije, pravila uspje\u0161nog govora, kada organizirati konferencije, kako zainteresirati novinare te moderni na\u010din komunikacije na dru\u0161tvenim mre\u017eama. Na kraju je provedena evaluacija u kojoj su sudionici edukaciju ocjenili s ocjenom 5 te su istaknuli kako bi \u017eeljeli vi\u0161e takvih edukacija u budu\u0107nosti u kojima bi vi\u0161e nau\u010dili o komunikaciji na dru\u0161tvenim mre\u017eama te javnom nastupu.<\/p>\n<p>9. prosinca sudjelovali smo na sve\u010danosti otkrivanja spomen-obilje\u017eja mjesta masovne grobnice \u017ertava Domovinskog rata u Tabori\u0161tu, u spomen na 12 hrvatskih branitelja i civila pogubljenih 1991.<\/p>\n<p>6. i 7. prosinca sudjelovali smo na edukaciji pod nazivom: \u201eUpravljanje projektnim ciklusom\u201c koja se odr\u017eala u Tuhelju u organizaciji Saveza udruga obitelji zato\u010denih i nestalih hrvatskih branitelja.<br \/>\nOd 07. do 09.prosinca 2017. u Beogradu odr\u017eala se Konferencija o pitanju nestalih osoba. Na konferenciju su iz Zajednice udruga sudjelovali Julijana Rosandi\u0107, Slavica Marinovi\u0107 i Marica Salaj.<br \/>\n13. prosinca sudjelovali smo na obilje\u017eavanju sje\u0107anja na \u017ertve Vo\u0107ina, Viroviti\u010dko-podravska \u017eupanija.<br \/>\n16.prosinca odr\u017eali smo blagdanski predbo\u017ei\u0107ni sastanak Izvr\u0161nog odbora na kojem su sudjelovali i \u010dlanovi Nadzornog odbora.<\/p>\n<p>Uz sve gore navedeno sudjelovali smo u obilje\u017eavanju dr\u017eavnih obljetnica i blagdana: Dana dr\u017eavnosti, dana Hrvatskog Sabora, Dana neovisnosti.<br \/>\nSudjelovali smo i u radu Povjerenstva za osobe s invaliditetom te Koordinaciji Vladinog ureda za razminiranje.<br \/>\nTijekom godine 2017. odr\u017eali smo sedam sastanaka Izvr\u0161nog odbora te jedan sastanak Nadzornog odbora Zajednice udruga, tako\u0111er su odr\u017eani radni sastanci u Ministarstvu branitelja.<br \/>\n21. prosinca predsjednica Zajednice Julijana Rosandi\u0107 je sudjelovala na ceremoniji zatvaranja Ha\u0161kog suda.<\/p>\n<p>Predsjednica Zajednice<br \/>\nJulijana Rosandi\u0107<\/p>\n","protected":false},"excerpt":{"rendered":"<p>&nbsp; U 2017. godini proveli smo mnoge aktivnosti. Osim uobi\u010dajenih sastanaka provodili smo razne aktivnosti unutar i izvan Hrvatske. 30. i 31. sije\u010dnja 2017. godine odr\u017ean je sastanak u Tuhelju sa Nacionalnom zakladom za razvoj civilnog dru\u0161tva i Ministarstvom hrvatskih branitelja. Na sastanku su bili nazo\u010dni predstavnici 16 udruga iz Domovinskog rata. Na sastanku je&#8230; <a class=\"more\" href=\"https:\/\/intendo-plus.com\/zuhcsd\/?p=1977\">Continue reading &rarr;<\/a><\/p>\n","protected":false},"author":1,"featured_media":1979,"comment_status":"closed","ping_status":"closed","sticky":false,"template":"","format":"standard","meta":{"ngg_post_thumbnail":0},"categories":[1],"tags":[],"_links":{"self":[{"href":"https:\/\/intendo-plus.com\/zuhcsd\/index.php?rest_route=\/wp\/v2\/posts\/1977"}],"collection":[{"href":"https:\/\/intendo-plus.com\/zuhcsd\/index.php?rest_route=\/wp\/v2\/posts"}],"about":[{"href":"https:\/\/intendo-plus.com\/zuhcsd\/index.php?rest_route=\/wp\/v2\/types\/post"}],"author":[{"embeddable":true,"href":"https:\/\/intendo-plus.com\/zuhcsd\/index.php?rest_route=\/wp\/v2\/users\/1"}],"replies":[{"embeddable":true,"href":"https:\/\/intendo-plus.com\/zuhcsd\/index.php?rest_route=%2Fwp%2Fv2%2Fcomments&post=1977"}],"version-history":[{"count":3,"href":"https:\/\/intendo-plus.com\/zuhcsd\/index.php?rest_route=\/wp\/v2\/posts\/1977\/revisions"}],"predecessor-version":[{"id":1981,"href":"https:\/\/intendo-plus.com\/zuhcsd\/index.php?rest_route=\/wp\/v2\/posts\/1977\/revisions\/1981"}],"wp:featuredmedia":[{"embeddable":true,"href":"https:\/\/intendo-plus.com\/zuhcsd\/index.php?rest_route=\/wp\/v2\/media\/1979"}],"wp:attachment":[{"href":"https:\/\/intendo-plus.com\/zuhcsd\/index.php?rest_route=%2Fwp%2Fv2%2Fmedia&parent=1977"}],"wp:term":[{"taxonomy":"category","embeddable":true,"href":"https:\/\/intendo-plus.com\/zuhcsd\/index.php?rest_route=%2Fwp%2Fv2%2Fcategories&post=1977"},{"taxonomy":"post_tag","embeddable":true,"href":"https:\/\/intendo-plus.com\/zuhcsd\/index.php?rest_route=%2Fwp%2Fv2%2Ftags&post=1977"}],"curies":[{"name":"wp","href":"https:\/\/api.w.org\/{rel}","templated":true}]}}