{"id":1926,"date":"2017-08-29T10:46:58","date_gmt":"2017-08-29T10:46:58","guid":{"rendered":"http:\/\/intendo-plus.com\/zuhcsd\/?p=1926"},"modified":"2017-08-29T11:04:25","modified_gmt":"2017-08-29T11:04:25","slug":"konferencija-proces-ekshumacije-i-identifikacije-nestalih-osoba-na-podrucju-republike-hrvatske","status":"publish","type":"post","link":"https:\/\/intendo-plus.com\/zuhcsd\/?p=1926","title":{"rendered":"Konferencija &#8220;Proces ekshumacije i identifikacije nestalih osoba na podru\u010dju Republike Hrvatske"},"content":{"rendered":"<p>U ponedjeljak, 28,kolovoza u Hotelu Dubrovnik u Zagrebu odr\u017eala se regionalna konferencija o nestalim osobama tj procesu ekshumacije i identifikacije nestalih osoba na podru\u010dju Republike Hrvatske. Predstavnici Zajednice iz obitelji nestalih sudjelovali su na konferenciji kao i predstavnici udruga obitelji nestalih iz svih dr\u017eava regije pogo\u0111enih ratom: Hrvatske, Bosne i Hercegovine, Srbije i Kosova. Na konferenciji su bili nazo\u010dni te izlagali Veljko Odalovi\u0107, predsjednik Komisije za nestala lica Vlade Republike Srbije, Stjepan Su\u010di\u0107, \u010delnik Uprave za zato\u010dene i nestale Ministarstva hrvatskih branitelja, predsjednik Povjerenstva Vlade RH za zato\u010dene i nestale i pomo\u0107nik ministra hrv.branitelja, Du\u0161an Kne\u017eevi\u0107, zamjenik tu\u017eitelja za ratne zlo\u010dine u Beogradu, Tu\u017eila\u0161tvo BIH &#8211; tu\u017eitelj Stanko Blagi\u0107, zamjenica glavnog odvjetnika RH Jasmina Dolmagi\u0107 &#8211; Dr\u017eavno odvjetni\u0161tvo RH, Matthew Holiday (ICMP) rukovoditelj programa za Zapadni Balkan, Trishna Mocktan &#8211; Me\u0111unarodni komitet Crvenog kri\u017ea Sarajevo-zamjenica regionalnog koordinatora za za\u0161titu, nadle\u017ena za nestale osobe, Vesna Krivo\u0161i\u0107, voditeljica Nacionalnog ureda slu\u017ebe tra\u017eenja-Crveni kri\u017e Hrvatske.Ru\u017ea Petrovi\u0107-Crveni krst Srbije, nadle\u017ena za slu\u017ebu tra\u017eenja.<\/p>\n","protected":false},"excerpt":{"rendered":"<p>U ponedjeljak, 28,kolovoza u Hotelu Dubrovnik u Zagrebu odr\u017eala se regionalna konferencija o nestalim osobama tj procesu ekshumacije i identifikacije nestalih osoba na podru\u010dju Republike Hrvatske. Predstavnici Zajednice iz obitelji nestalih sudjelovali su na konferenciji kao i predstavnici udruga obitelji nestalih iz svih dr\u017eava regije pogo\u0111enih ratom: Hrvatske, Bosne i Hercegovine, Srbije i Kosova. Na&#8230; <a class=\"more\" href=\"https:\/\/intendo-plus.com\/zuhcsd\/?p=1926\">Continue reading &rarr;<\/a><\/p>\n","protected":false},"author":1,"featured_media":1931,"comment_status":"closed","ping_status":"closed","sticky":false,"template":"","format":"standard","meta":{"ngg_post_thumbnail":0},"categories":[8],"tags":[51,49,46],"_links":{"self":[{"href":"https:\/\/intendo-plus.com\/zuhcsd\/index.php?rest_route=\/wp\/v2\/posts\/1926"}],"collection":[{"href":"https:\/\/intendo-plus.com\/zuhcsd\/index.php?rest_route=\/wp\/v2\/posts"}],"about":[{"href":"https:\/\/intendo-plus.com\/zuhcsd\/index.php?rest_route=\/wp\/v2\/types\/post"}],"author":[{"embeddable":true,"href":"https:\/\/intendo-plus.com\/zuhcsd\/index.php?rest_route=\/wp\/v2\/users\/1"}],"replies":[{"embeddable":true,"href":"https:\/\/intendo-plus.com\/zuhcsd\/index.php?rest_route=%2Fwp%2Fv2%2Fcomments&post=1926"}],"version-history":[{"count":6,"href":"https:\/\/intendo-plus.com\/zuhcsd\/index.php?rest_route=\/wp\/v2\/posts\/1926\/revisions"}],"predecessor-version":[{"id":1949,"href":"https:\/\/intendo-plus.com\/zuhcsd\/index.php?rest_route=\/wp\/v2\/posts\/1926\/revisions\/1949"}],"wp:featuredmedia":[{"embeddable":true,"href":"https:\/\/intendo-plus.com\/zuhcsd\/index.php?rest_route=\/wp\/v2\/media\/1931"}],"wp:attachment":[{"href":"https:\/\/intendo-plus.com\/zuhcsd\/index.php?rest_route=%2Fwp%2Fv2%2Fmedia&parent=1926"}],"wp:term":[{"taxonomy":"category","embeddable":true,"href":"https:\/\/intendo-plus.com\/zuhcsd\/index.php?rest_route=%2Fwp%2Fv2%2Fcategories&post=1926"},{"taxonomy":"post_tag","embeddable":true,"href":"https:\/\/intendo-plus.com\/zuhcsd\/index.php?rest_route=%2Fwp%2Fv2%2Ftags&post=1926"}],"curies":[{"name":"wp","href":"https:\/\/api.w.org\/{rel}","templated":true}]}}