{"id":1623,"date":"2017-05-30T11:05:02","date_gmt":"2017-05-30T11:05:02","guid":{"rendered":"http:\/\/intendo-plus.com\/zuhcsd\/?p=1623"},"modified":"2017-05-30T11:15:29","modified_gmt":"2017-05-30T11:15:29","slug":"sjecanje-na-poginulu-djecu-u-domovinskom-ratu-mali-kriz-velika-zrtva","status":"publish","type":"post","link":"https:\/\/intendo-plus.com\/zuhcsd\/?p=1623","title":{"rendered":"Sje\u0107anje na poginulu djecu u Domovinskom ratu &#8220;MALI KRI\u017d-VELIKA \u017dRTVA&#8221;"},"content":{"rendered":"<p>15. Susret Sje\u0107anja na poginulu djecu &#8220;MALI KRI\u017d-VELIKA \u017dRTVA&#8221; okupio je u Slavonskom Brodu roditelje iz cijele Hrvatske koja su izgubila djecu u Domovinskom ratu.<\/p>\n<p><span style=\"color: #1d2129;\">U organizaciji Zajednice Udruga hrvatskih civilnih stradalnika iz Domovinskog rata susret sudionika zapo\u010deo je svetom misom u crkvi Svetog trojstva i nastavio se polaganjem vijenaca i paljenjem svije\u0107a kod spomenika &#8220;Prekinuto djetinjstvo&#8221; podignutog pro\u0161le godine za svu poginulu djecu u Domovinskom ratu. Prigodan program potom je uprili\u010den u Glazbenoj \u0161koli u Slavonskom Brodu.<\/span><\/p>\n<p>Osim obitelji poginule djece s podru\u010dja cijele Hrvatske Susretu su nazo\u010dili i predstavnici vlasti: gradona\u010delnik Slavonskog Broda Mirko Duspara, \u017eupan Brodsko- posavske \u017eupanije Danijel Maru\u0161i\u0107 kao izaslanik Predsjednice RH Kolinde Grabar Kitarovi\u0107, izaslanik Predsjednika Vlade RH i ministra branitelja Nenad Kri\u017ei\u0107 te predstavnici udruga iz Domovinskog rata kao i civilnih stradalnika iz Drugog svjetskog rata.<\/p>\n<p>Prigodni program kod spomenika i u Glazbenoj \u0161koli uveli\u010dala je pjesma \u017denskog zbora Ad Astra te Sna\u0161e iz Klakara kao i nastup djece iz Osnovne \u0161kole Vladimir Nazor iz Slavonskog Broda.<\/p>\n<p>&nbsp;<\/p>\n","protected":false},"excerpt":{"rendered":"<p>15. Susret Sje\u0107anja na poginulu djecu &#8220;MALI KRI\u017d-VELIKA \u017dRTVA&#8221; okupio je u Slavonskom Brodu roditelje iz cijele Hrvatske koja su izgubila djecu u Domovinskom ratu. U organizaciji Zajednice Udruga hrvatskih civilnih stradalnika iz Domovinskog rata susret sudionika zapo\u010deo je svetom misom u crkvi Svetog trojstva i nastavio se polaganjem vijenaca i paljenjem svije\u0107a kod spomenika&#8230; <a class=\"more\" href=\"https:\/\/intendo-plus.com\/zuhcsd\/?p=1623\">Continue reading &rarr;<\/a><\/p>\n","protected":false},"author":1,"featured_media":1714,"comment_status":"closed","ping_status":"closed","sticky":false,"template":"","format":"standard","meta":{"ngg_post_thumbnail":0},"categories":[1],"tags":[],"_links":{"self":[{"href":"https:\/\/intendo-plus.com\/zuhcsd\/index.php?rest_route=\/wp\/v2\/posts\/1623"}],"collection":[{"href":"https:\/\/intendo-plus.com\/zuhcsd\/index.php?rest_route=\/wp\/v2\/posts"}],"about":[{"href":"https:\/\/intendo-plus.com\/zuhcsd\/index.php?rest_route=\/wp\/v2\/types\/post"}],"author":[{"embeddable":true,"href":"https:\/\/intendo-plus.com\/zuhcsd\/index.php?rest_route=\/wp\/v2\/users\/1"}],"replies":[{"embeddable":true,"href":"https:\/\/intendo-plus.com\/zuhcsd\/index.php?rest_route=%2Fwp%2Fv2%2Fcomments&post=1623"}],"version-history":[{"count":2,"href":"https:\/\/intendo-plus.com\/zuhcsd\/index.php?rest_route=\/wp\/v2\/posts\/1623\/revisions"}],"predecessor-version":[{"id":1913,"href":"https:\/\/intendo-plus.com\/zuhcsd\/index.php?rest_route=\/wp\/v2\/posts\/1623\/revisions\/1913"}],"wp:featuredmedia":[{"embeddable":true,"href":"https:\/\/intendo-plus.com\/zuhcsd\/index.php?rest_route=\/wp\/v2\/media\/1714"}],"wp:attachment":[{"href":"https:\/\/intendo-plus.com\/zuhcsd\/index.php?rest_route=%2Fwp%2Fv2%2Fmedia&parent=1623"}],"wp:term":[{"taxonomy":"category","embeddable":true,"href":"https:\/\/intendo-plus.com\/zuhcsd\/index.php?rest_route=%2Fwp%2Fv2%2Fcategories&post=1623"},{"taxonomy":"post_tag","embeddable":true,"href":"https:\/\/intendo-plus.com\/zuhcsd\/index.php?rest_route=%2Fwp%2Fv2%2Ftags&post=1623"}],"curies":[{"name":"wp","href":"https:\/\/api.w.org\/{rel}","templated":true}]}}