{"id":1444,"date":"2016-01-13T09:59:22","date_gmt":"2016-01-13T09:59:22","guid":{"rendered":"http:\/\/intendo-plus.com\/zuhcsd\/?p=1444"},"modified":"2016-01-13T10:00:43","modified_gmt":"2016-01-13T10:00:43","slug":"izvjestaj-o-radu-u-2015-godini","status":"publish","type":"post","link":"https:\/\/intendo-plus.com\/zuhcsd\/?p=1444","title":{"rendered":"Izvje\u0161taj o radu u 2015. godini"},"content":{"rendered":"<p>IZVJE\u0160TAJ O RADU U 2015. GODINI<\/p>\n<p>U 2015.godini Zajednica udruga je odr\u017eala niz aktivnosti. U mjesecu lipnju odr\u017ean je Izvje\u0161tajni Sabor Zajednice udruga na kojem su prezentirana izvje\u0161\u0107a o radu u proteklom razdoblju te je donijet i novi Statut uskla\u0111en sa Zakonom o udrugama.<\/p>\n<p>Mnogobrojne aktivnosti bile su usmjerene na osnovni problem a to je dono\u0161enje novog Zakona o civilnim stradalnicima Domovinskog rata. U radnoj skupini za Zakon sudjelovale su predsjednica Zajednice g\u0111a Julijana Rosandi\u0107 te tajnica Zajednice Slavica Marinovi\u0107.<\/p>\n<p>Ove godine smo posebno zadovoljni zbog realizacije spomenika poginuloj djeci u Domovinskom ratu u Slavonskom Brodu. Spomenik je izra\u0111en te postavljen i o\u010dekuje se njegovo otvorenje.<\/p>\n<p>Dana 24.travnja 2015. na Europskom trgu u Zagrebu sudjelovali smo u obilje\u017eavanju travnja-mjeseca za\u0161tite od mina. Doga\u0111aj je organizirao Invalidski odbojka\u0161ki klub Zagreb u suradnji sa zakladom Hrvatska bez mina, udrugom Mine aid, Uredom za razminiranje Vlade RH i Hrvatskim centrom za razminiranje.<\/p>\n<p>Zajednica udruga je sudjelovala na natje\u010daju Ministarstva branitelja za financiranje sa tri projekta, a odobrena su dva od tri a to su Sportsko-rekreativni i kreativni susreti civilnih stradalnika i Sje\u0107anje na poginulu djecu u Domovinskom ratu \u201eMali kri\u017e-Velika \u017ertva\u201c. Neodobreni projekt su Tribine \u201eDjeca u minskom okru\u017eenju.\u201c Navedeni odobreni projekti su provedeni.<\/p>\n<p>23.svibnja u Slavonskom Brodu odr\u017ean je susret Sje\u0107anje na poginulu djecu u Domovinskom ratu pod nazivom \u201eMali kri\u017e-Velika \u017ertva. Obilje\u017eavanju su uz roditelje poginule djece, \u010dlanove Zajednice udruga hrvatskih civilnih stradalnika iz Domovinskog rata nazo\u010dili i izaslanik Predsjednice Republike Hrvatske g\u0111e Kolinde Grabar Kitarovi\u0107, godp Ante Deur, izaslanik Predsjednika Hrvatskog Sabora Josipa Leke, gosp Damir Tomi\u0107, saborski zastupnik, zamjenica \u017eupana Brodsko-posavske \u017eupanije g\u0111a Dunja Maga\u0161, zamjenik gradona\u010delnika Slavonskog Broda gosp Hrvoje Andri\u0107 te predstavnici politi\u010dkih stranka i udruga iz Domovinskog rata. Prigodan program odr\u017ean je u dvorani Glazbene \u0161kole te su polo\u017eeni vijenci i zapaljene svije\u0107e u parku Plavo polje kod spomenika Djevoj\u010dica.<\/p>\n<p>Sportsko-rekreativni i kreativni susreti civilnih stradalnika Domovinskog rata odr\u017eani su u Selcu od 20. do 23.rujna 2015.godine. Na susretima su sudjelovale sve kategorije stradalnika. Nakon otvaranja Susreta uslijedio je aktualni sat na kojem je sudjelovao i Ministar branitelja Predrag Mati\u0107 te odgovarao na brojna pitanja u vezi Zakona o civilnim stradalnicima. Nakon otvaranja i aktualnog sata uslijedila su sportska natjecanja te kreativna radionica. Susreti su zatvoreni zavr\u0161nom ve\u010deri uz glazbu i tombolu.<\/p>\n<p>30.lipnja 2015. Predsjednica Repbulike Hrvatske g\u0111a Kolinda Grabar Kitarovi\u0107 primila je izaslanstvo Zajednice udruga. Prilikom susreta razgovaralo se o polo\u017eaju civilnih \u017ertava rata te Zakonu o civilnim stradalnicima rata kojim bi njihova prava nakon 20 godina trebala biti regulirana.<\/p>\n<p>U mjesecu kolovozu, to\u010dnije 30.kolovoza 2015.godine obilje\u017eili smo Me\u0111unarodni dan nestalih u Pakracu. Obilje\u017eavanje je odr\u017eano u organizaciji Saveza udruga obitelji zato\u010denih i nestalih hrvatskih branitelja i Zajednice udruga hrvatskih civilnih stradalnika iz Domovinskog rata Hrvatske.<\/p>\n<p>U 2015. godini Zajednica udruga je potpisala ugovor za financiranje i u 2016.godini sa Nacionalnom Zakladom za razvoj civilnog dru\u0161tva.<\/p>\n<p>Tijekom 2015.godine sudjelovali smo kao i do sada u radu Regionalne koordinacije obitelji nestalih na podru\u010dju biv\u0161e Jugoslavije. Unutar koordinacije provedeni su novi izbori, sudjelovali smo u radu Skup\u0161tine te delegirali na\u0161e predstavnike u Upravni odbor Regionalne koordinacije.<\/p>\n<p>U mjesecu studenom sudjelovali smo na obilje\u017eavanju sje\u0107anja na stradanja Vukovara i \u0160kabrnje te na drugim obilje\u017eavanjima obljetnica i blagdana.<\/p>\n<p>Tijekom 2015.godine bili smo sveprisutni u raznim medijima te smo sudjelovali u televizijskim emisijama poput Provjerenog i Veterana mira.<\/p>\n<p>Na kraju godine ispunjene brojnim naporima i aktivnostima uprili\u010dili smo zavr\u0161ne sastanke Izvr\u0161nog i Nadzornog odbora uz predblagdansko dru\u017eenje i prigodan domjenak te je na taj na\u010din uz polaganje vijenaca obilje\u017eena 20.-godi\u0161njica postojanja Zajednice udruga.<\/p>\n<p>Godina 2015. bila je prepuna aktivnosti a kao najve\u0107i uspjeh mo\u017eemo istaknuti realizaciju i skora\u0161nje otvaranje spomenika poginuloj djeci u Domovinskom ratu. Spomenik nosi naziv \u201ePrekinuto djetinjstvo\u201c. G\u0111a Julijana Rosandi\u0107 je bila \u010dlanica ocjenjiva\u010dkog \u017eirija koji se odlu\u010dio za zajedni\u010dki autorski rad Petra Doli\u0107a i Petre Ton\u010di\u0107 Lipov\u0161\u010dak. Odabrani rad predstavlja slagalicu s prazninama koje predstavljaju nedovr\u0161enu dje\u010dju igru i prekinute \u017eivote te tako ostavlja najsna\u017eniji dojam i poruku. Otvaranje spomenika se o\u010dekuje u 2016.godini.<\/p>\n<p><a href=\"http:\/\/intendo-plus.com\/zuhcsd\/wp-content\/uploads\/2016\/01\/images.jpg\"><img decoding=\"async\" loading=\"lazy\" class=\"alignnone size-full wp-image-1445\" src=\"http:\/\/intendo-plus.com\/zuhcsd\/wp-content\/uploads\/2016\/01\/images.jpg\" alt=\"images\" width=\"300\" height=\"168\" \/><\/a> Julijana Rosandi\u0107<\/p>\n","protected":false},"excerpt":{"rendered":"<p>IZVJE\u0160TAJ O RADU U 2015. GODINI U 2015.godini Zajednica udruga je odr\u017eala niz aktivnosti. U mjesecu lipnju odr\u017ean je Izvje\u0161tajni Sabor Zajednice udruga na kojem su prezentirana izvje\u0161\u0107a o radu u proteklom razdoblju te je donijet i novi Statut uskla\u0111en sa Zakonom o udrugama. Mnogobrojne aktivnosti bile su usmjerene na osnovni problem a to je&#8230; <a class=\"more\" href=\"https:\/\/intendo-plus.com\/zuhcsd\/?p=1444\">Continue reading &rarr;<\/a><\/p>\n","protected":false},"author":1,"featured_media":1445,"comment_status":"closed","ping_status":"closed","sticky":false,"template":"","format":"standard","meta":{"ngg_post_thumbnail":0},"categories":[8],"tags":[43,36],"_links":{"self":[{"href":"https:\/\/intendo-plus.com\/zuhcsd\/index.php?rest_route=\/wp\/v2\/posts\/1444"}],"collection":[{"href":"https:\/\/intendo-plus.com\/zuhcsd\/index.php?rest_route=\/wp\/v2\/posts"}],"about":[{"href":"https:\/\/intendo-plus.com\/zuhcsd\/index.php?rest_route=\/wp\/v2\/types\/post"}],"author":[{"embeddable":true,"href":"https:\/\/intendo-plus.com\/zuhcsd\/index.php?rest_route=\/wp\/v2\/users\/1"}],"replies":[{"embeddable":true,"href":"https:\/\/intendo-plus.com\/zuhcsd\/index.php?rest_route=%2Fwp%2Fv2%2Fcomments&post=1444"}],"version-history":[{"count":3,"href":"https:\/\/intendo-plus.com\/zuhcsd\/index.php?rest_route=\/wp\/v2\/posts\/1444\/revisions"}],"predecessor-version":[{"id":1448,"href":"https:\/\/intendo-plus.com\/zuhcsd\/index.php?rest_route=\/wp\/v2\/posts\/1444\/revisions\/1448"}],"wp:featuredmedia":[{"embeddable":true,"href":"https:\/\/intendo-plus.com\/zuhcsd\/index.php?rest_route=\/wp\/v2\/media\/1445"}],"wp:attachment":[{"href":"https:\/\/intendo-plus.com\/zuhcsd\/index.php?rest_route=%2Fwp%2Fv2%2Fmedia&parent=1444"}],"wp:term":[{"taxonomy":"category","embeddable":true,"href":"https:\/\/intendo-plus.com\/zuhcsd\/index.php?rest_route=%2Fwp%2Fv2%2Fcategories&post=1444"},{"taxonomy":"post_tag","embeddable":true,"href":"https:\/\/intendo-plus.com\/zuhcsd\/index.php?rest_route=%2Fwp%2Fv2%2Ftags&post=1444"}],"curies":[{"name":"wp","href":"https:\/\/api.w.org\/{rel}","templated":true}]}}