{"id":1420,"date":"2015-07-14T09:10:47","date_gmt":"2015-07-14T09:10:47","guid":{"rendered":"http:\/\/intendo-plus.com\/zuhcsd\/?p=1420"},"modified":"2015-07-14T09:11:12","modified_gmt":"2015-07-14T09:11:12","slug":"predsjednica-kolinda-grabar-kitarovic-primila-predstavnike-zajednice","status":"publish","type":"post","link":"https:\/\/intendo-plus.com\/zuhcsd\/?p=1420","title":{"rendered":"Predsjednica Kolinda Grabar Kitarovi\u0107 primila predstavnike Zajednice"},"content":{"rendered":"<p>30.lipnja 2015. Predsjednica Republike Hrvatske Kolinda Grabar-Kitarovi\u0107 primila je izaslanstvo Zajednice udruga hrvatskih civilnih stradalnika iz Domovinskog rata Hrvatske<br \/>\nPrilikom susreta razgovaralo se o polo\u017eaju civilnih \u017ertava rata te Zakonu o civilnim stradalnicima Domovinskog rata kojim bi njihova prava, nakon 20 godina, trebala biti regulirana. Predstavnici Zajednice udruga hrvatskih civilnih stradalnika iz Domovinskog rata Hrvatske zalo\u017eili su se za izjedna\u010davanje prava civilnih i vojnih \u017ertava rata.<br \/>\nOvom prilikom predsjednica je prihvatila pokroviteljstvo nad obilje\u017eavanjem Me\u0111unarodnog dana nestalih osoba.<\/p>\n<p><a href=\"http:\/\/intendo-plus.com\/zuhcsd\/wp-content\/uploads\/2015\/07\/11666145_1643603125879641_5365823995378284678_n.jpg\"><img decoding=\"async\" loading=\"lazy\" src=\"http:\/\/intendo-plus.com\/zuhcsd\/wp-content\/uploads\/2015\/07\/11666145_1643603125879641_5365823995378284678_n-320x228.jpg\" alt=\"11666145_1643603125879641_5365823995378284678_n\" width=\"300\" height=\"213\" class=\"alignnone size-medium wp-image-1387\" srcset=\"https:\/\/intendo-plus.com\/zuhcsd\/wp-content\/uploads\/2015\/07\/11666145_1643603125879641_5365823995378284678_n-320x228.jpg 320w, https:\/\/intendo-plus.com\/zuhcsd\/wp-content\/uploads\/2015\/07\/11666145_1643603125879641_5365823995378284678_n-540x386.jpg 540w\" sizes=\"(max-width: 300px) 100vw, 300px\" \/><\/a><\/p>\n","protected":false},"excerpt":{"rendered":"<p>30.lipnja 2015. Predsjednica Republike Hrvatske Kolinda Grabar-Kitarovi\u0107 primila je izaslanstvo Zajednice udruga hrvatskih civilnih stradalnika iz Domovinskog rata Hrvatske Prilikom susreta razgovaralo se o polo\u017eaju civilnih \u017ertava rata te Zakonu o civilnim stradalnicima Domovinskog rata kojim bi njihova prava, nakon 20 godina, trebala biti regulirana. Predstavnici Zajednice udruga hrvatskih civilnih stradalnika iz Domovinskog rata Hrvatske&#8230; <a class=\"more\" href=\"https:\/\/intendo-plus.com\/zuhcsd\/?p=1420\">Continue reading &rarr;<\/a><\/p>\n","protected":false},"author":1,"featured_media":1387,"comment_status":"closed","ping_status":"closed","sticky":false,"template":"","format":"standard","meta":{"ngg_post_thumbnail":0},"categories":[8],"tags":[38],"_links":{"self":[{"href":"https:\/\/intendo-plus.com\/zuhcsd\/index.php?rest_route=\/wp\/v2\/posts\/1420"}],"collection":[{"href":"https:\/\/intendo-plus.com\/zuhcsd\/index.php?rest_route=\/wp\/v2\/posts"}],"about":[{"href":"https:\/\/intendo-plus.com\/zuhcsd\/index.php?rest_route=\/wp\/v2\/types\/post"}],"author":[{"embeddable":true,"href":"https:\/\/intendo-plus.com\/zuhcsd\/index.php?rest_route=\/wp\/v2\/users\/1"}],"replies":[{"embeddable":true,"href":"https:\/\/intendo-plus.com\/zuhcsd\/index.php?rest_route=%2Fwp%2Fv2%2Fcomments&post=1420"}],"version-history":[{"count":2,"href":"https:\/\/intendo-plus.com\/zuhcsd\/index.php?rest_route=\/wp\/v2\/posts\/1420\/revisions"}],"predecessor-version":[{"id":1422,"href":"https:\/\/intendo-plus.com\/zuhcsd\/index.php?rest_route=\/wp\/v2\/posts\/1420\/revisions\/1422"}],"wp:featuredmedia":[{"embeddable":true,"href":"https:\/\/intendo-plus.com\/zuhcsd\/index.php?rest_route=\/wp\/v2\/media\/1387"}],"wp:attachment":[{"href":"https:\/\/intendo-plus.com\/zuhcsd\/index.php?rest_route=%2Fwp%2Fv2%2Fmedia&parent=1420"}],"wp:term":[{"taxonomy":"category","embeddable":true,"href":"https:\/\/intendo-plus.com\/zuhcsd\/index.php?rest_route=%2Fwp%2Fv2%2Fcategories&post=1420"},{"taxonomy":"post_tag","embeddable":true,"href":"https:\/\/intendo-plus.com\/zuhcsd\/index.php?rest_route=%2Fwp%2Fv2%2Ftags&post=1420"}],"curies":[{"name":"wp","href":"https:\/\/api.w.org\/{rel}","templated":true}]}}