{"id":1375,"date":"2015-01-19T10:04:18","date_gmt":"2015-01-19T10:04:18","guid":{"rendered":"http:\/\/intendo-plus.com\/zuhcsd\/?p=1375"},"modified":"2015-01-19T10:06:11","modified_gmt":"2015-01-19T10:06:11","slug":"izvjestaj-o-radu-u-2014-godini","status":"publish","type":"post","link":"https:\/\/intendo-plus.com\/zuhcsd\/?p=1375","title":{"rendered":"IZVJE\u0160TAJ O RADU U 2014. GODINI"},"content":{"rendered":"<p>Tijekom 2014. godine Zajednica udruga je odr\u017eala <strong>Izborni Sabor<\/strong> u Zagrebu u mjesecu travnju.<br \/>\nZajednica je odr\u017eala <strong>deset sastanaka Izvr\u0161nog odbora<\/strong>. Raspravljalo se o svim temama za bolji rad Zajednice udruga.<\/p>\n<p>Sve aktivnosti Zajednice u Izvje\u0161tajnom razdoblju bile su usmjerene na dono\u0161enje <strong>novog Zakona o civilnim stradalnicima Domovinskog rata<\/strong>. Zakon bi pobolj\u0161ao prava i bolju skrb ove stradalni\u010dke populacije. Aktivnosti su se odvijale kroz Radne skupine Ministarstva branitelja u kojima su sudjelovali predstavnici Zajednice.<\/p>\n<p>Zajednica je prije vi\u0161e godina inicirala <strong>gradnju spomenika poginuloj djecu u Domovinskom ratu<\/strong> koji bi se gradio u Slavonskom Brodu gdje je poginulo najvi\u0161e djece.<br \/>\nOve godine se krenulo u realizaciju u kojoj sudjeluje Ministarstvo branitelja, Grad Slavonski Brod i Zajednica udruga. Dozvole i suglasnosti su odra\u0111eni a raspisan je Natje\u010daj za spomenik.<\/p>\n<p>Zajednica je sudjelovala na natje\u010daju Ministarstva branitelja za financiranje tri projekta: <strong>Susret obitelji poginule djece u Domovinskom ratu \u201eMali kri\u017e-Velika \u017ertva\u201c, Sportsko-rekreativni i kreativni susreti civilnih stradalnika Domovinskog rata, Tribina \u201eDjeca u minskom okru\u017eenju\u201c<\/strong>. Sva tri projekta su odobrena i provedena.<\/p>\n<p>Zajednica je sudjelovala i na <strong>Natje\u010daju Nacionalne zaklade za razvoj civilnog dru\u0161tva za institucionalnu podr\u0161ku<\/strong> udruga dr\u017eavne razine Domovinskog rata. Natjecali smo se u kategoriji do 200 000,00 kn. Zajednica je dobila institucionalnu podr\u0161ku koja je omogu\u0107ila Zajednici da osna\u017ei u svakom pogledu, zaposlena je \u010dlanica udruge iz obitelji nestalog. Udruga je opremljena za bolji rad i rezultate u interesu svih \u010dlanica.Krajem 2014. godine ugovor je produljen za 2015.godinu u istom iznosu.<\/p>\n<p>U mjesecu lipnju Zajednica je odr\u017eala <strong>Susrete obitelji poginule djece pod nazivom \u201eMali kri\u017e-Velika \u017ertva\u201c.<\/strong> Susreti su odr\u017eani u Slavonskom Brodu 14.lipnja 2014. uz prigodan program i polaganje vijenaca i svije\u0107a kod spomenika Djevoj\u010dica. Susretu je nazo\u010dilo oko 150 sudionika.<\/p>\n<p>Tijekom prethodnog razdoblja Zajednica udruga hrvatskih civilnih stradalnika organizirala je i sudjelovala u brojnim aktivnostima. Prva od njih bila prisustvovanje na <strong>Regionalnoj konferenciji o pitanju nestalih osoba odr\u017eanoj 19. i 20. lipnja 2014. u Sarajevu<\/strong>. Konferenciju je organizirala Regionalna koordinacija udruga obitelji nestalih osoba na podru\u010dju biv\u0161e Jugoslavije uz financijsku podr\u0161ku Me\u0111unarodne komisije za nestale osobe i Balkanskog fonda za demokraciju.<\/p>\n<p>Potom je predstavnik Zajednice sudjelovao na potpisivanju <strong>Deklaracije o nestalim osobama <\/strong>koja se odr\u017eala u Mostaru. Deklaraciju su potpisala \u010detiri predsjednika dr\u017eava regije. Osnovni cilj deklaracije jest da se pomogne u rje\u0161avanju pitanja nestalih osoba kao posljedice oru\u017eanih sukoba i kr\u0161enja ljudskih prava, a svrha bolje definiranje dr\u017eavne uloge u rje\u0161avanju tog zna\u010dajnog pitanja. Potpisivanju Deklaracije nazo\u010dili su \u010dlanovi Upravnog odbora Regionalne koordinacije udruga obitelji nestalih osoba, predstavnici Zajednice udruga hrvatskih civilnih stradalnika iz Domovinskog rata i Saveza udruga zato\u010denih i nestalih hrvatskih branitelja kao i istaknuti \u010dlanovi i me\u0111unarodne organizacije, uklju\u010duju\u0107i OSCE, kojeg predstavlja specijalni predstavnik predsjedavaju\u0107eg OSCE-a za zapadni Balkan ambasador Gerard Stoudmann i zamjenica visokog povjerenika UN-a za ljudska prava Flavia Pansieri.<\/p>\n<p>30. kolovoza obilje\u017eili smo <strong>Me\u0111unarodni dan nestalih<\/strong>. Obilje\u017eavanje Me\u0111unarodnog dana nestalih 30. kolovoza 2014. odr\u017eano je u Zagrebu u organizaciji Saveza udruga obitelji zato\u010denih i nestalih hrvatskih branitelja i Zajednice udruga hrvatskih civilnih stradalnika iz Domovinskog rata Hrvatske.<br \/>\nProgram obilje\u017eavanja zapo\u010deo je Svetom misom u Zagreba\u010dkoj katedrali koju je predvodio mons. Ivan \u0160a\u0161ko, pomo\u0107ni biskup zagreba\u010dki. Potom je uslijedilo odavanje po\u010dasti poginulim i ubijenim hrvatskim braniteljima i civilima te polaganje vijenaca na Gradskom groblju Mirogoj kod Zida boli te odavanje po\u010dasti nestalim hrvatskim braniteljima i civilima, \u017ertvama Domovinskog rata na Zajedni\u010dkoj grobnici sa neidentificiranim posmrtnim ostacima \u2013 Kenotafu.Program sve\u010danog obilje\u017eavanja uprili\u010den je na Zrinjevcu.Obilje\u017eavanju su prisustvovali osim \u010dlanova obitelji nestalih i udruga proisteklih iz Domovinskog rata i Predsjednik RH Dr. Ivo Josipovi\u0107, ministar branitelja Predrag Mati\u0107, pomo\u0107nik ministra branitelja Ivan Gruji\u0107, predstavnica Ministarstva vanjskih i europskih poslova g\u0111a Romana Kuzmani\u0107 Oluji\u0107, predstavnica Crvenog kri\u017ea Vesna Kivo\u0161evi\u0107 te izaslanica gradona\u010delnika Grada Zagreba Milana Bandi\u0107a, g\u0111a Vlasta Iv\u010devi\u0107.Program je vodila g\u0111a Karmen Valenta a sve\u010danost je pjesmom upotpunila klapa Punti iz Zagreba.<\/p>\n<p>U prethodnom razdoblju Zajednica udruga hrvatskih civilnih stradalnika iz Domovinskog rata Hrvatske odr\u017eala je <strong>Susrete civilnih stradalnika u Selcu<\/strong>. To su bili Sportsko-rekreativni i kreativni susreti na kojima se 60 \u010dlanova iz svih \u017eupanijskih udruga natjecalo u sportovima poput stolnog tenisa, tr\u010danja, pikada, brzog hodanja itd. Tako\u0111er se u sklopu Susreta odr\u017eala i kreativna radionica gdje su se izra\u0111ivale torbe, oslikavalo staklo i sl te neizbje\u017eni radni dio na samom po\u010detku susreta s aktualnim satom gdje se raspravljalo o Zakonu o civilnim stradalnicima te o spomeniku poginuloj djeci \u010dija izgradnja se planira u Slavonskom Brodu i o ostalim temama va\u017enim za civilne stradalnike. Susreti su zavr\u0161eni zabavnom ve\u010derom uz glazbu i tombolu.<\/p>\n<p>Odr\u017eane su i <strong>\u010detiri tribine \u201eDjeca u minskom okru\u017eenju\u201c<\/strong> u \u0161kolama, u podru\u010djima jo\u0161 uvijek zaga\u0111enim minama, po preporuci Hrvatskog centra za razminiranje. Tribine su odr\u017eane u suradnji s HCR-om, Hrvatskim Crvenim kri\u017eem te Protueksplozijskom slu\u017ebom MUP-a.<br \/>\nTribine su odr\u017eane u Skradinu (\u0160ibensko-kninska \u017eupanija) \u2013 O\u0160 Skradin, Starim Jankovcima (Vukovarsko-srijemska \u017eupanija) \u2013 O\u0160 Stari Jankovci, u Dardi (Osje\u010dko-baranjska \u017eupanija) \u2013 O\u0160 Darda i u Petrinji (Sisa\u010dko-moslava\u010dka \u017eupanija) \u2013 O\u0160 Dragutin Tadijanovi\u0107, s ciljem upozoravanja u\u010denika na opasnosti od mina u njihovoj blizini te upoznavanjem sa izgledom mina, pona\u0161anjem u opasnostima i posljedicama u slu\u010daju neopreznog pona\u0161anja. Temeljna svrha tribina je edukacija i spre\u010davanje stradanja djece.<\/p>\n<p>U mjesecu studenom u Zadru odr\u017ean je <strong>Okrugli stol u organizaciji Documente\/Europskog doma Vukovar i Zajednice udruga hrvatskih civilnih stradalnika iz Domovinskog rata Hrvatske pod nazivom \u201eReparacije civilnih \u017ertava rata\u201c<\/strong>. Tema okruglog stola bila je rasprava o pravima civilnih stradalnika te o Zakonu o civilnim stradalnicima.  Uz organizatore, Documentu\/ Europski dom Vukovar i Zajednicu udruga hrvatskih civilnih stradalnika iz Domovinskog rata Hrvatske Okruglom stolu su nazo\u010dili i gospodin Mladen Lon\u010dar iz Ministarstva branitelja, g\u0111a Marijana Senjak \u2013 \u017denski sud, gosp. Radovan Marijanovi\u0107 iz \u017dupanijskog dr\u017eavnog odvjetni\u0161tva Zadar,g\u0111a Dijana Ple\u0161tina \u2013 ravnatelj Vladinog Ureda za razminiranje, predstavnici Hrvatskog centra za razminiranje i dr.<\/p>\n<p>U navedenom razdoblju odr\u017ean je i <strong>niz sastanaka Regionalne koordinacije udruga obitelji zato\u010denih i nestalih osoba sa podru\u010dja biv\u0161e Jugoslavije <\/strong>te je tako\u0111er i krajem mjeseca studenog odr\u017eano <strong>studijsko putovanje za mlade u organizaciji ICMP-a (International Commission On Missing persons) u Sarajevu<\/strong> tijekom kojeg su odr\u017eana predavanja koja su mladima pribli\u017eila sam proces pronalaska, otkrivanja, laboratorijske obrade posmrtnih ostataka te upoznavanje sa spomenicima i povijesnim ostacima nakon ratova. Predstavnik Zajednice udruga je sudjelovao na tom studijskom putovanju.<\/p>\n<p>Sudjelovali smo na <strong>obilje\u017eavanju blagdana<\/strong> ( vjerskih i dr\u017eavnih) <strong>obljetnica, otkrivanju spomen obilje\u017eja na mjestima masovnih grobnica i obilje\u017eavanju me\u0111unarodnih datuma<\/strong>.<\/p>\n<p>Potom je uslijedio kraj godine tijekom kojeg su se odr\u017eavale predblagdanske aktivnosti i zavr\u0161ni sastanci s analizom u\u010dinjenog u prethodnom razdoblju.<\/p>\n<p>                                                                                                                       ZAJEDNICA UDRUGA<\/p>\n","protected":false},"excerpt":{"rendered":"<p>Tijekom 2014. godine Zajednica udruga je odr\u017eala Izborni Sabor u Zagrebu u mjesecu travnju. Zajednica je odr\u017eala deset sastanaka Izvr\u0161nog odbora. Raspravljalo se o svim temama za bolji rad Zajednice udruga. Sve aktivnosti Zajednice u Izvje\u0161tajnom razdoblju bile su usmjerene na dono\u0161enje novog Zakona o civilnim stradalnicima Domovinskog rata. Zakon bi pobolj\u0161ao prava i bolju&#8230; <a class=\"more\" href=\"https:\/\/intendo-plus.com\/zuhcsd\/?p=1375\">Continue reading &rarr;<\/a><\/p>\n","protected":false},"author":1,"featured_media":0,"comment_status":"closed","ping_status":"closed","sticky":false,"template":"","format":"standard","meta":{"ngg_post_thumbnail":0},"categories":[8],"tags":[37,36],"_links":{"self":[{"href":"https:\/\/intendo-plus.com\/zuhcsd\/index.php?rest_route=\/wp\/v2\/posts\/1375"}],"collection":[{"href":"https:\/\/intendo-plus.com\/zuhcsd\/index.php?rest_route=\/wp\/v2\/posts"}],"about":[{"href":"https:\/\/intendo-plus.com\/zuhcsd\/index.php?rest_route=\/wp\/v2\/types\/post"}],"author":[{"embeddable":true,"href":"https:\/\/intendo-plus.com\/zuhcsd\/index.php?rest_route=\/wp\/v2\/users\/1"}],"replies":[{"embeddable":true,"href":"https:\/\/intendo-plus.com\/zuhcsd\/index.php?rest_route=%2Fwp%2Fv2%2Fcomments&post=1375"}],"version-history":[{"count":2,"href":"https:\/\/intendo-plus.com\/zuhcsd\/index.php?rest_route=\/wp\/v2\/posts\/1375\/revisions"}],"predecessor-version":[{"id":1377,"href":"https:\/\/intendo-plus.com\/zuhcsd\/index.php?rest_route=\/wp\/v2\/posts\/1375\/revisions\/1377"}],"wp:attachment":[{"href":"https:\/\/intendo-plus.com\/zuhcsd\/index.php?rest_route=%2Fwp%2Fv2%2Fmedia&parent=1375"}],"wp:term":[{"taxonomy":"category","embeddable":true,"href":"https:\/\/intendo-plus.com\/zuhcsd\/index.php?rest_route=%2Fwp%2Fv2%2Fcategories&post=1375"},{"taxonomy":"post_tag","embeddable":true,"href":"https:\/\/intendo-plus.com\/zuhcsd\/index.php?rest_route=%2Fwp%2Fv2%2Ftags&post=1375"}],"curies":[{"name":"wp","href":"https:\/\/api.w.org\/{rel}","templated":true}]}}