{"id":101,"date":"2014-07-08T13:08:52","date_gmt":"2014-07-08T13:08:52","guid":{"rendered":"http:\/\/intendo-plus.com\/zuhcsd\/?p=101"},"modified":"2014-07-09T08:59:18","modified_gmt":"2014-07-09T08:59:18","slug":"susret-izetbegovica-i-regionalne-koordinacije-udruga-obitelji-nestalih-osoba","status":"publish","type":"post","link":"https:\/\/intendo-plus.com\/zuhcsd\/?p=101","title":{"rendered":"Susret Izetbegovi\u0107a i Regionalne koordinacije udruga obitelji nestalih osoba"},"content":{"rendered":"<p><strong>Delegacija Regionalne koordinacije udruga obitelji nestalih osoba sa podru\u010dja biv\u0161e Jugoslavije sastala se 22. o\u017eujka 2013.godine sa \u010dlanom predsjedni\u0161tva BiH, Bakirom Izetbegovi\u0107em.<\/strong><\/p>\n<p><a href=\"http:\/\/intendo-plus.com\/zuhcsd\/wp-content\/uploads\/2014\/07\/kk.jpg\"><img decoding=\"async\" loading=\"lazy\" class=\"size-medium wp-image-102 aligncenter\" src=\"http:\/\/intendo-plus.com\/zuhcsd\/wp-content\/uploads\/2014\/07\/kk-320x209.jpg\" alt=\"kk\" width=\"300\" height=\"195\" srcset=\"https:\/\/intendo-plus.com\/zuhcsd\/wp-content\/uploads\/2014\/07\/kk-320x209.jpg 320w, https:\/\/intendo-plus.com\/zuhcsd\/wp-content\/uploads\/2014\/07\/kk-540x353.jpg 540w, https:\/\/intendo-plus.com\/zuhcsd\/wp-content\/uploads\/2014\/07\/kk.jpg 731w\" sizes=\"(max-width: 300px) 100vw, 300px\" \/><\/a><\/p>\n<p>Regionalna koordinacija udruga obitelji nestalih osoba s podru\u010dja biv\u0161e Jugoslavije je nestrana\u010dka, neprofitna, nevladina organizacija koja radi na pronala\u017eenju nestalih osoba i ostvarivanju prava obitelji nestalih.<\/p>\n<p>Kao neformalna mre\u017ea udruga djeluje jo\u0161 od 2005. godine, a pravno formalni status stje\u010de registracijom u studenom 2011. godine u Bosni i Hercegovini. Regionalna koordinacija okuplja 16 saveza\/udruga obitelji nestalih iz Bosne i Hercegovine, Republike Hrvatske, Republike Srbije, Crne Gore i Kosova bez obzira na njihovu etni\u010dku pripadnost.<\/p>\n<p>Ujedinjeni zajedni\u010dkom tragedijom, osje\u0107aju\u0107i istu bol i patnju za gubitkom najdra\u017eih, predstavnici udruga obitelji nestalih su me\u0111u prvima sjeli za zajedni\u010dki stol, i odlu\u010dno krenuli u borbu da se sazna istina i zadovolji pravda, a mehanizam suradnje u vidu Regionalne koordinacije u\u010dinio nas je ja\u010dim i ustrajnijim u na\u0161oj borbi.<\/p>\n<p>&nbsp;<\/p>\n","protected":false},"excerpt":{"rendered":"<p>Delegacija Regionalne koordinacije udruga obitelji nestalih osoba sa podru\u010dja biv\u0161e Jugoslavije sastala se 22. o\u017eujka 2013.godine sa \u010dlanom predsjedni\u0161tva BiH, Bakirom Izetbegovi\u0107em. Regionalna koordinacija udruga obitelji nestalih osoba s podru\u010dja biv\u0161e Jugoslavije je nestrana\u010dka, neprofitna, nevladina organizacija koja radi na pronala\u017eenju nestalih osoba i ostvarivanju prava obitelji nestalih. Kao neformalna mre\u017ea udruga djeluje jo\u0161 od&#8230; <a class=\"more\" href=\"https:\/\/intendo-plus.com\/zuhcsd\/?p=101\">Continue reading &rarr;<\/a><\/p>\n","protected":false},"author":1,"featured_media":102,"comment_status":"closed","ping_status":"closed","sticky":false,"template":"","format":"standard","meta":{"ngg_post_thumbnail":0},"categories":[8],"tags":[13,15,14],"_links":{"self":[{"href":"https:\/\/intendo-plus.com\/zuhcsd\/index.php?rest_route=\/wp\/v2\/posts\/101"}],"collection":[{"href":"https:\/\/intendo-plus.com\/zuhcsd\/index.php?rest_route=\/wp\/v2\/posts"}],"about":[{"href":"https:\/\/intendo-plus.com\/zuhcsd\/index.php?rest_route=\/wp\/v2\/types\/post"}],"author":[{"embeddable":true,"href":"https:\/\/intendo-plus.com\/zuhcsd\/index.php?rest_route=\/wp\/v2\/users\/1"}],"replies":[{"embeddable":true,"href":"https:\/\/intendo-plus.com\/zuhcsd\/index.php?rest_route=%2Fwp%2Fv2%2Fcomments&post=101"}],"version-history":[{"count":2,"href":"https:\/\/intendo-plus.com\/zuhcsd\/index.php?rest_route=\/wp\/v2\/posts\/101\/revisions"}],"predecessor-version":[{"id":216,"href":"https:\/\/intendo-plus.com\/zuhcsd\/index.php?rest_route=\/wp\/v2\/posts\/101\/revisions\/216"}],"wp:featuredmedia":[{"embeddable":true,"href":"https:\/\/intendo-plus.com\/zuhcsd\/index.php?rest_route=\/wp\/v2\/media\/102"}],"wp:attachment":[{"href":"https:\/\/intendo-plus.com\/zuhcsd\/index.php?rest_route=%2Fwp%2Fv2%2Fmedia&parent=101"}],"wp:term":[{"taxonomy":"category","embeddable":true,"href":"https:\/\/intendo-plus.com\/zuhcsd\/index.php?rest_route=%2Fwp%2Fv2%2Fcategories&post=101"},{"taxonomy":"post_tag","embeddable":true,"href":"https:\/\/intendo-plus.com\/zuhcsd\/index.php?rest_route=%2Fwp%2Fv2%2Ftags&post=101"}],"curies":[{"name":"wp","href":"https:\/\/api.w.org\/{rel}","templated":true}]}}